{"id":690,"date":"2009-09-24T18:30:00","date_gmt":"2009-09-24T16:30:00","guid":{"rendered":"https:\/\/www.wedobd.com\/?p=690"},"modified":"2025-09-29T14:48:18","modified_gmt":"2025-09-29T12:48:18","slug":"trucs-et-astuces-pour-un-bon-festiblog-4","status":"publish","type":"post","link":"https:\/\/www.wedobd.com\/?p=690","title":{"rendered":"Trucs et astuces pour un bon Festiblog"},"content":{"rendered":"<p><strong>1) Pour tout comprendre et savoir comment vous y rendre, commencez par consulter <a href=\"http:\/\/www.festival-blogs-bd.com\/informations-pratiques.html\" target=\"_blank\">la FAQ<\/a> et <a href=\"http:\/\/www.festival-blogs-bd.com\/plan.html\" target=\"_blank\">le plan d\u2019acc\u00e8s<\/a><\/strong><\/p>\n<\/p>\n<p class=\"asset asset-image\">Pour r\u00e9sumer, on sera <strong>rue Eug\u00e8ne Spuller<\/strong> qui est la zone pi\u00e9tonne entre la mairie du 3e et le square du Temple. <span style=\"text-decoration: underline;\">La tente accueil, la fresque et l\u2019expo seront dans la cours de la mairie !<\/span><\/p>\n<p><span style=\"text-decoration: underline;\"><\/span><\/p>\n<p class=\"asset asset-image\"><a href=\"http:\/\/yannicklejeune.blogs.com\/.a\/6a00d8341c501b53ef0120a5952a53970b-pi\" style=\"float: left;\"><img decoding=\"async\" alt=\"2904386439_f876f7457f\" class=\"at-xid-6a00d8341c501b53ef0120a5952a53970b \" src=\"https:\/\/www.wedobd.com\/wp-content\/uploads\/2009\/09\/6a00d8341c501b53ef0120a5952a53970b-200wi.jpg\" style=\"margin: 0pt 15px 5px 0pt; width: 200px;\" title=\"2904386439_f876f7457f\" \/><\/a>\n<\/p>\n<p> Si vous \u00eates visiteur avec des questions n\u2019h\u00e9sitez pas \u00e0 aller voir les charmantes h\u00f4tesses Emilie, Caro et Paprika \u00e0 l\u2019accueil ou \u00e0 vous adresser \u00e0 un membre du staff (reconnaissable avec son beau t-shirt &quot;STAFF&quot;, son poil soyeux et son air vif) qui vous renseignera avec plaisir. <span style=\"color: #ff0000;\"><strong>Si vous \u00eates auteur<\/strong>, n\u2019oubliez pas de passer \u00e0 l\u2019accueil le samedi avant vos d\u00e9dicaces pour r\u00e9cup\u00e9rer votre badge et faire les petites formalit\u00e9s d&#39;usage.<\/p>\n<p><\/span><br \/>\n<strong>2) Pour savoir o\u00f9 ? quand ? comment ? <\/strong><\/p>\n<p>Le planning et les informations de derni\u00e8re minute seront affich\u00e9s un peu partout. En cas de pluie ou d&#39;absence d&#39;un des auteurs non pr\u00e9vue, les plannings peuvent \u00eatre amen\u00e9s \u00e0 changer, consultez les tableaux d&#39;affichage pour retrouver vos auteurs.<\/p>\n<p>Pour bien pr\u00e9parer votre festival, vous pouvez \u00e9galement t\u00e9l\u00e9charger le programme et l\u2019imprimer ou le consulter sur vos t\u00e9l\u00e9phones (si vous \u00eates hype) pour l\u2019avoir avec vous :<\/p>\n<p><strong><\/p>\n<p class=\"asset asset-image\"><a href=\"http:\/\/yannicklejeune.blogs.com\/.a\/6a00d8341c501b53ef0120a59539b8970b-pi\" style=\"float: right;\"><img decoding=\"async\" alt=\"2904978117_71c0140bd6\" class=\"at-xid-6a00d8341c501b53ef0120a59539b8970b \" src=\"https:\/\/www.wedobd.com\/wp-content\/uploads\/2009\/09\/6a00d8341c501b53ef0120a59539b8970b-200wi.jpg\" style=\"margin: 0px 0px 5px 5px; width: 200px;\" \/><\/a>\n<\/p>\n<p> Programme du samedi :<\/strong><br \/><span class=\"at-xid-6a00d8341c501b53ef0120a5950d5d970b\"><a href=\"http:\/\/yannicklejeune.blogs.com\/files\/samedi-26-septembre-1-a4.pdf\">T\u00e9l\u00e9chargement SAMEDI-26-SEPTEMBRE-1-A4<br \/><\/a><\/span><\/p>\n<p><strong>Programme du samedi des communaut\u00e9s :<\/strong><br \/><a href=\"http:\/\/yannicklejeune.blogs.com\/files\/samedi-26-septembre-2-a4.pdf\"><span class=\"at-xid-6a00d8341c501b53ef0120a595b750970b\"><a href=\"http:\/\/yannicklejeune.blogs.com\/files\/samedi-26-septembre-2-a4-2.pdf\">T\u00e9l\u00e9chargement SAMEDI-26-SEPTEMBRE-2-A4<\/a><\/span><br \/><\/a><\/p>\n<\/p>\n<p><strong>Programme du dimanche :<\/strong><br \/><span class=\"at-xid-6a00d8341c501b53ef0120a5ebb506970c\"><a href=\"http:\/\/yannicklejeune.blogs.com\/files\/dimanche-27-septembre-1-a4.pdf\">T\u00e9l\u00e9chargement DIMANCHE-27-SEPTEMBRE-1-A4<\/a><\/span><\/p>\n<p><strong>Programme du dimanche des communaut\u00e9s :<\/strong><br \/><span class=\"at-xid-6a00d8341c501b53ef0120a5ebb5ee970c\"><a href=\"http:\/\/yannicklejeune.blogs.com\/files\/dimanche-27-septembre-2-a4.pdf\">T\u00e9l\u00e9chargement DIMANCHE-27-SEPTEMBRE-2-A4<\/a><\/span><\/p>\n<p>Le programme est \u00e9galement consultable directement en ligne sur la page <a href=\"http:\/\/www.festival-blogs-bd.com\/programme.html\" target=\"_blank\">Programme<\/a>.<\/p>\n<p><strong>3) Sortez couverts m\u00eame s&#39;il fera beau ! <\/strong><\/p>\n<p>Comme tous les ans, le festival aura lieu en plein air. Par beau temps, c&#39;est extr\u00eamement agr\u00e9able et cette ann\u00e9e, il parait que le soleil sera des n\u00f4tres ! Nous vous conseillons toutefois de prendre des v\u00eatements chauds et des parapluies (au cas o\u00f9 M\u00e9t\u00e9o France se tromperait).<\/p>\n<\/p>\n<p class=\"asset asset-image\"><a href=\"http:\/\/yannicklejeune.blogs.com\/.a\/6a00d8341c501b53ef0120a595283e970b-pi\"><img decoding=\"async\" alt=\"2905234158_35feab9433\" class=\"at-xid-6a00d8341c501b53ef0120a595283e970b \" src=\"https:\/\/www.wedobd.com\/wp-content\/uploads\/2009\/09\/6a00d8341c501b53ef0120a595283e970b-500wi.jpg\" style=\"display: block; margin-left: auto; margin-right: auto;\" \/><\/a>\n<\/p>\n<p><strong><br \/>4) Si vous voulez vous faire d\u00e9dicacer un album<\/strong><\/p>\n<p>Pour des raisons l\u00e9gales et logistiques, les albums seront exclusivement en vente au sein des tentes Album &amp; Univers BD, nous vous conseillons donc de faire vos achats en d\u00e9but de journ\u00e9e pour \u00e9viter la queue \u00e0 la caisse et \u00eatre sur d&#39;avoir le temps de les faire d\u00e9dicacer. Les d\u00e9dicaces sont gratuites mais les auteurs sont toujours ravis de les faire sur leur album. La liste des \u0153uvres disponibles sera affich\u00e9e un peu partout et on vous pr\u00e9cisera chez qui vous les procurer. La tente 30 jours de BD disposera d\u2019un point de vente officiel en ce qui concerne les albums des \u00e9ditions Makaka. Nous avons fait le maximum pour avoir la quasi-int\u00e9gralit\u00e9 des albums des auteurs pr\u00e9sents!<\/p>\n<p><strong>5) Si vous voulez des d\u00e9dicaces gratuites<\/strong><\/p>\n<p>Du papier fourni par notre partenaire sera disponible pour les auteurs. Si vous pr\u00e9f\u00e9rez faire d\u00e9dicacer vos albums, votre carnet de croquis, un livre d&#39;or, t-shirt, pensez \u00e0 les amener ! <\/p>\n<p><strong>6) Si vous voulez des d\u00e9dicaces dans la bonne humeur<\/strong><\/p>\n<p>Lorsque vous obtenez votre d\u00e9dicace, <span style=\"text-decoration: underline;\">merci de respecter les autres<\/span> et de retourner faire la queue (si queue il y a) plut\u00f4t que d&#39;essayer de faire passer votre carnet \u00e0 un autre auteur sur le cot\u00e9. Pensez que 10 personnes heureuses d&#39;avoir un dessin, c&#39;est toujours mieux qu&#39;une seule personne heureuse d&#39;avoir 10 dessins pendant que les autres r\u00e2lent.<\/p>\n<p style=\"text-align: center;\">\n<p class=\"asset asset-image\"><a href=\"http:\/\/yannicklejeune.blogs.com\/.a\/6a00d8341c501b53ef0120a59528c7970b-pi\"><img decoding=\"async\" alt=\"2904645195_840450b564\" class=\"at-xid-6a00d8341c501b53ef0120a59528c7970b \" src=\"https:\/\/www.wedobd.com\/wp-content\/uploads\/2009\/09\/6a00d8341c501b53ef0120a59528c7970b-500wi.jpg\" style=\"display: block; margin-left: auto; margin-right: auto;\" \/><\/a>\n<\/p>\n<p><strong><br \/>7) Soyez sages !<\/strong><\/p>\n<p>Comme vous vous en doutez l&#39;organisation d&#39;un tel \u00e9v\u00e9nement n\u00e9cessite une collaboration \u00e9troite avec les autorit\u00e9s. Le Festiblog ayant lieu dans l&#39;espace public, le Festival des Blogs BD et du Webcomics a \u00e9t\u00e9 soumis aux autorit\u00e9s et autoris\u00e9 par les services de la mairie du 3e arrondissement, la pr\u00e9fecture de police de la ville de Paris et le commissariat de police du 3e arrondissement. <\/p>\n<\/p>\n<p class=\"asset asset-image\"><a href=\"http:\/\/yannicklejeune.blogs.com\/.a\/6a00d8341c501b53ef0120a5ebd094970c-pi\" style=\"float: left;\"><img decoding=\"async\" alt=\"2904529085_5d84e9c0fd\" class=\"at-xid-6a00d8341c501b53ef0120a5ebd094970c \" src=\"https:\/\/www.wedobd.com\/wp-content\/uploads\/2009\/09\/6a00d8341c501b53ef0120a5ebd094970c-200wi.jpg\" style=\"width: 200px; margin-left: auto; margin-right: 15px;\" title=\"2904529085_5d84e9c0fd\" \/><\/a>\n<\/p>\n<p> C&#39;est pourquoi nous vous demandons de respecter les espaces utilis\u00e9s et vous indiquons que <strong>le Festival d\u00e9cline toute responsabilit\u00e9 dans les \u00e9v\u00e9nements non indiqu\u00e9s sur le planning officiel. <\/strong><\/p>\n<p>A ce titre, \u00e0 l&#39;exception de l&#39;exposition dans la cours de la mairie, des d\u00e9dicaces dans le stand des communaut\u00e9s, du concours de dessin organis\u00e9 par <a href=\"http:\/\/30joursdebd.com\/\" target=\"_blank\">30joursdeBD<\/a> dans la cours de la mairie le dimanche et de la Fresque r\u00e9alis\u00e9e sur 2 jours par le collectif <a href=\"http:\/\/collectifhumungus.free.fr\/\" target=\"_blank\">Humungus<\/a>, <span style=\"color: #ff0000;\">aucun \u00e9v\u00e9nement communautaire n&#39;est couvert par notre organisation et votre participation \u00e0 ceux-ci se fait \u00e0 vos risques et p\u00e9rils. Tout trouble \u00e0 l&#39;ordre public ou d\u00e9t\u00e9rioration de mat\u00e9riel pourra entrainer des poursuites et engagera votre responsabilit\u00e9 civile. La mairie de Paris a engag\u00e9 un service de s\u00e9curit\u00e9 qui assurera la surveillance des installations, du mat\u00e9riel et du respect des r\u00e8gles de s\u00e9curit\u00e9 pendant toute la dur\u00e9e du festival, jour et nuit.<\/p>\n<p><\/span><\/p>\n<p><strong>8) Partagez le plaisir !<\/strong><\/p>\n<p>Pour permettre \u00e0 tous ceux qui ne peuvent pas se d\u00e9placer de profiter du festival, nous vous demandons de bien vouloir passer \u00e0 la tente accueil et nous accorder quelques minutes pour scanner ou prendre en photos vos dessins afin de les mettre en ligne sur le site.<\/p>\n<p><strong>9) En ligne aussi&#8230;<\/strong><\/p>\n<p>Si vous voulez partager vos photos, dessins, films et avis sur le Festival des Blogs BD et du webcomics 2009, pensez \u00e0 ajouter un tag technorati <a href=\"http:\/\/technorati.com\/tag\/festiblog2009\" target=\"_blank\">festiblog2009<\/a> \u00e0 votre note. Si votre plate-forme de blog ne supporte pas les tags, il vous suffit d&#39;ajouter le mot <a href=\"http:\/\/technorati.com\/tag\/festiblog2009\" target=\"_blank\">festiblog2009<\/a> avec le lien <a href=\"http:\/\/technorati.com\/tag\/festiblog2009\" target=\"_blank\">http:\/\/technorati.com\/tag\/festiblog2009<\/a> pour voir s&#39;afficher les derni\u00e8res notes.<\/p>\n<p><strong><br \/>10) Des cadeaux<\/strong><\/p>\n<p>En plus des d\u00e9dicaces et gr\u00e2ce \u00e0 nos partenaires <a href=\"http:\/\/www.e-artsup.net\/\" target=\"_blank\">e-artsup<\/a>, <a href=\"http:\/\/www.comboutique.com\/\" target=\"_blank\">comboutique<\/a> et <a href=\"http:\/\/www.lafraise.com\/\" target=\"_blank\">LaFraise<\/a>, vous recevrez des cadeaux&#8230; Comment ? C&#39;est la surprise !<\/p>\n<\/p>\n<p class=\"asset asset-image\"><a href=\"http:\/\/yannicklejeune.blogs.com\/.a\/6a00d8341c501b53ef0120a5ebd301970c-pi\"><img decoding=\"async\" alt=\"2905304814_2b92228025\" class=\"at-xid-6a00d8341c501b53ef0120a5ebd301970c \" src=\"https:\/\/www.wedobd.com\/wp-content\/uploads\/2009\/09\/6a00d8341c501b53ef0120a5ebd301970c-500wi.jpg\" style=\"display: block; margin-left: auto; margin-right: auto;\" \/><\/a><\/p>\n<p class=\"asset asset-image\">\n<p class=\"asset asset-image\" style=\"text-align: center;\"><strong>On vous dit \u00e0 ce week-end et bon Festiblog \u00e0 tous ! <\/strong><\/p>\n","protected":false},"excerpt":{"rendered":"<p>Tout savoir pour bien pr\u00e9parer son Festival !<\/p>\n","protected":false},"author":4,"featured_media":0,"comment_status":"open","ping_status":"open","sticky":false,"template":"","format":"standard","meta":{"footnotes":""},"categories":[26],"tags":[463,511,355],"class_list":["post-690","post","type-post","status-publish","format-standard","hentry","category-02-le-festival-de-2005-a-2013","tag-festiblog-2009","tag-info","tag-programme"],"_links":{"self":[{"href":"https:\/\/www.wedobd.com\/index.php?rest_route=\/wp\/v2\/posts\/690","targetHints":{"allow":["GET"]}}],"collection":[{"href":"https:\/\/www.wedobd.com\/index.php?rest_route=\/wp\/v2\/posts"}],"about":[{"href":"https:\/\/www.wedobd.com\/index.php?rest_route=\/wp\/v2\/types\/post"}],"author":[{"embeddable":true,"href":"https:\/\/www.wedobd.com\/index.php?rest_route=\/wp\/v2\/users\/4"}],"replies":[{"embeddable":true,"href":"https:\/\/www.wedobd.com\/index.php?rest_route=%2Fwp%2Fv2%2Fcomments&post=690"}],"version-history":[{"count":1,"href":"https:\/\/www.wedobd.com\/index.php?rest_route=\/wp\/v2\/posts\/690\/revisions"}],"predecessor-version":[{"id":4093,"href":"https:\/\/www.wedobd.com\/index.php?rest_route=\/wp\/v2\/posts\/690\/revisions\/4093"}],"wp:attachment":[{"href":"https:\/\/www.wedobd.com\/index.php?rest_route=%2Fwp%2Fv2%2Fmedia&parent=690"}],"wp:term":[{"taxonomy":"category","embeddable":true,"href":"https:\/\/www.wedobd.com\/index.php?rest_route=%2Fwp%2Fv2%2Fcategories&post=690"},{"taxonomy":"post_tag","embeddable":true,"href":"https:\/\/www.wedobd.com\/index.php?rest_route=%2Fwp%2Fv2%2Ftags&post=690"}],"curies":[{"name":"wp","href":"https:\/\/api.w.org\/{rel}","templated":true}]}}