{"id":694,"date":"2009-09-24T16:00:00","date_gmt":"2009-09-24T14:00:00","guid":{"rendered":"https:\/\/www.wedobd.com\/?p=694"},"modified":"2025-09-29T14:48:29","modified_gmt":"2025-09-29T12:48:29","slug":"interview-2009-erwann-surcouf","status":"publish","type":"post","link":"https:\/\/www.wedobd.com\/?p=694","title":{"rendered":"Invit\u00e9 2009 #105 : Erwann Surcouf"},"content":{"rendered":"<p>On continue dans notre sprint final des invit\u00e9s avec <a href=\"http:\/\/erwann.surcouf.free.fr\/blog\/dotclear\/\" target=\"_blank\">Erwann Surcouf<\/a> et ses oeuvres.<\/p>\n<div style=\"text-align: center;\">\n<p class=\"asset asset-image\"><a href=\"http:\/\/yannicklejeune.blogs.com\/.a\/6a00d8341c501b53ef0120a5e72ea7970c-pi\" style=\"display: block;\"><img decoding=\"async\" alt=\"Surcouf_00\" class=\"at-xid-6a00d8341c501b53ef0120a5e72ea7970c \" src=\"https:\/\/www.wedobd.com\/wp-content\/uploads\/2009\/09\/6a00d8341c501b53ef0120a5e72ea7970c-500wi.gif\" style=\"margin: 0px;\" \/><\/a>\n<\/p>\n<p><\/div>\n<p><strong>Peux-tu rappeler \u00e0 nos lecteurs qui tu es ?<\/strong><\/p>\n<p>Erwann Surcouf, je fais un blog qui s&#39;appelle <a href=\"http:\/\/erwann.surcouf.free.fr\/blog\/dotclear\/\" target=\"_blank\">Doubleplusbon<\/a>.<\/p>\n<p><strong>Quoi de neuf dans ta carri\u00e8re et tes projets depuis ta derni\u00e8re participation ?<\/strong><\/p>\n<p>Eh bien, en avril est paru &quot;<a href=\"http:\/\/www.lechantdupluvier.com\/\" target=\"_blank\">Le chant du pluvier<\/a>&quot; chez Delcourt (avec Amandine Laprun et Joseph B\u00e9h\u00e9 au sc\u00e9nario), j&#39;ai fait une histoire courte en linogravure pour un <a href=\"http:\/\/www.asteure.com\/bandes-dessinees\/histoires-fantastiques.html?7d6ed47830579d64eb9fe8335bb8cada=965cdede684a4cfad4896536cdd49312\" target=\"_blank\">collectif sur Poe<\/a> (\u00e9ditions Asteure), des sc\u00e9narios pour &quot;<a href=\"http:\/\/www.spirit-prod.com\/site\/ovni.html\" target=\"_blank\">OVNI<\/a>&quot; la s\u00e9rie anim\u00e9e de Trondheim, et depuis le d\u00e9but de l&#39;ann\u00e9e je suis dans &quot;<a href=\"http:\/\/gazette.lecomptoirdiff.com\/index.php?option=com_content&amp;task=view&amp;id=850&amp;Itemid=29\" target=\"_blank\">Lapin<\/a>&quot; le trimestriel de l&#39;Association ! A part \u00e7a je fais toujours de l&#39;illustration pour la presse et l&#39;\u00e9dition, et des trucs \u00e0 gauche et \u00e0 droite. (et il y a eu la sortie du recueil <a href=\"http:\/\/www.chicou-chicou.com\/\" target=\"_blank\">Chicou-Chicou<\/a>, o\u00f9 j&#39;apparais sous le nom de Fern&#8230;)<\/p>\n<p><strong>Ton blog a-t-il \u00e9volu\u00e9 depuis l\u2019ann\u00e9e derni\u00e8re ?<\/strong><\/p>\n<p>Ma lubie du moment, c&#39;est de reprendre les premi\u00e8res pages de livres et de les redessiner sans toucher au texte. Quand il s&#39;agit de bandes dessin\u00e9es, c&#39;est souvent parce que je les ai aim\u00e9es ou qu&#39;elles m&#39;ont marqu\u00e9 : un peu comme les Indiens d&#39;Am\u00e9rique du sud qui d\u00e9vorent leur ennemi pour s&#39;approprier leur puissance et leur bravoure&#8230; C&#39;est dr\u00f4le de voir ce qu&#39;il reste d&#39;une planche quand on en modifie un \u00e9l\u00e9ment fondamental, fa\u00e7on Oubapo (le style graphique, le point de vue, le genre, etc). C&#39;est diff\u00e9rent quand je reprends des premi\u00e8res pages de romans : l\u00e0 c&#39;est plut\u00f4t pour amuser la galerie, en jouant sur des rapports texte\/image ridicules, des redondances&#8230; Et g\u00e9n\u00e9ralement ce sont des bouquins d\u00e9j\u00e0 un peu navrants \u00e0 la base ! (des Harlequin, le Da Vinci Code, etc&#8230;)<\/p>\n<div style=\"text-align: center;\">\n<p class=\"asset asset-image\"><a href=\"http:\/\/yannicklejeune.blogs.com\/.a\/6a00d8341c501b53ef0120a590a7a5970b-pi\" style=\"display: block;\"><img decoding=\"async\" alt=\"Surcouf_01\" class=\"at-xid-6a00d8341c501b53ef0120a590a7a5970b \" src=\"https:\/\/www.wedobd.com\/wp-content\/uploads\/2009\/09\/6a00d8341c501b53ef0120a590a7a5970b-500wi.gif\" style=\"margin: 0px;\" \/><\/a>\n<\/p>\n<p><\/div>\n<p><strong>Quelle est ta vision de la blogosph\u00e8re BD en 2009 ?<\/strong><\/p>\n<p>Principalement des escadrilles de clones qui s&#39;inspirent d&#39;autres clones, qui s&#39;auto-r\u00e9f\u00e9rencent&#8230; C&#39;est sans fin ! Souvent on remarque que plus on va loin dans la chaine du clonage, plus on est format\u00e9 et plus on a de chances de sortir son fatras de notes inutiles en librairie. Ahlala o\u00f9 va le monde ma bonne dame je vous l&#39;demande ? Heureusement il y en a aussi de plus en plus (mais pas encore assez) qui prennent des chemins plus personnels\/int\u00e9ressants\/scato-rigolo, qui tentent des exp\u00e9riences, qui ont des choses \u00e0 dire sur le fond ou sur la forme !<\/p>\n<p><strong>Quel est ton point de vue sur la BD num\u00e9rique cette ann\u00e9e ?<\/strong><\/p>\n<p>Il y a surement des choses tr\u00e8s bien, mais je n&#39;en lis pas tellement : est-ce que en France pour l&#39;instant, \u00e0 part peut-\u00eatre des trucs comme le Bludzee de Trondheim, &quot;BD num\u00e9rique&quot; \u00e7a n&#39;est pas juste un terme un peu prout-prout pour dire &quot;planche de BD format A4 scann\u00e9e et mise en ligne&quot; ? (oui j&#39;aime bien sortir des bonnes grosses g\u00e9n\u00e9ralit\u00e9s, \u00e7a soulage)<\/p>\n<p><strong>Qu&#39;est-ce qui te motive personnellement \u00e0 cr\u00e9er en ligne ?<\/strong><\/p>\n<p>L&#39;auteur de bande dessin\u00e9e est le moine copiste des temps modernes ! Et d\u00e9j\u00e0 au Moyen \u00c2ge, ce dernier avait besoin de temps en temps de lever le nez de ses enluminures, sortir prendre un peu l&#39;air hors du scriptorium, et aller dessiner des bites derri\u00e8re la chapelle pour faire marrer les copains<\/p>\n<p><strong>As-tu des chouchous en blogs BD ou en webcomics ?<\/strong><\/p>\n<p>Je suis particuli\u00e8rement adepte des blogs-clones dont je parlais plus haut, qui heureusement pour moi sont l\u00e9gion ! Ceux qui racontent banalement leur quotidien banal plus ou moins fantasm\u00e9 de vingtenaires-trentenaires urbains classe moyenne vaguement bobo-beauf, assez satisfaits d&#39;eux-m\u00eames, et pour qui les grands enjeux du 21e si\u00e8cle c&#39;est d&#39;avoir le plus gros fan-club facebook, ou des jolies paires de chaussures. Vide, superficiel, originalit\u00e9 z\u00e9ro, aucune narration : \u00e7a me fascine\/r\u00e9vulse ! Mais de toutes fa\u00e7ons, bient\u00f4t tout \u00e7a dispara\u00eetra dans une explosion d&#39;\u00e9tincelles scintillantes, \u00e7a fera tr\u00e8s joli dans la nuit&#8230;<\/p>\n<p><strong>Quel est ton meilleur souvenir des pr\u00e9c\u00e9dents Festiblogs ?<\/strong><\/p>\n<p>L&#39;open-bar ?<\/p>\n<div style=\"text-align: center;\">\n<p class=\"asset asset-image\"><a href=\"http:\/\/yannicklejeune.blogs.com\/.a\/6a00d8341c501b53ef0120a5e72ff2970c-pi\" style=\"display: block;\"><img decoding=\"async\" alt=\"Surcouf_04\" class=\"at-xid-6a00d8341c501b53ef0120a5e72ff2970c \" src=\"https:\/\/www.wedobd.com\/wp-content\/uploads\/2009\/09\/6a00d8341c501b53ef0120a5e72ff2970c-500wi.gif\" style=\"margin: 0px;\" \/><\/a>\n<\/p>\n<p><\/div>\n<p><strong>Un mot pour ceux qui vont venir te voir ?<\/strong><\/p>\n<p>S&#39;il vous plait, si vous venez me voir pour une d\u00e9dicace, ne me sortez pas &quot;Je laisse libre cours \u00e0 votre imagination&quot; !&#8230;<\/p>\n<p><strong>Parle-nous d&#39;un truc qui te plait mais qui n&#39;a rien \u00e0 voir avec la BD ?<\/strong><\/p>\n<p>J&#39;aurais bien dit du Lagavulin-16-ans-d\u2019\u00e2ge, mais finalement une bi\u00e8re en canette \u00e7a ira aussi<\/p>\n<p><strong>Quelque chose \u00e0 ajouter ?<\/strong><\/p>\n<p>&quot;Bonjour chez vous !&quot;&#8230; <\/p>\n","protected":false},"excerpt":{"rendered":"<p>On continue dans notre sprint final des invit\u00e9s avec Erwann Surcouf et ses oeuvres.<\/p>\n","protected":false},"author":6,"featured_media":0,"comment_status":"open","ping_status":"open","sticky":false,"template":"","format":"standard","meta":{"footnotes":""},"categories":[26,47],"tags":[207],"class_list":["post-694","post","type-post","status-publish","format-standard","hentry","category-02-le-festival-de-2005-a-2013","category-03-interviews-de-blogueurs-bd","tag-erwann-surcouf"],"_links":{"self":[{"href":"https:\/\/www.wedobd.com\/index.php?rest_route=\/wp\/v2\/posts\/694","targetHints":{"allow":["GET"]}}],"collection":[{"href":"https:\/\/www.wedobd.com\/index.php?rest_route=\/wp\/v2\/posts"}],"about":[{"href":"https:\/\/www.wedobd.com\/index.php?rest_route=\/wp\/v2\/types\/post"}],"author":[{"embeddable":true,"href":"https:\/\/www.wedobd.com\/index.php?rest_route=\/wp\/v2\/users\/6"}],"replies":[{"embeddable":true,"href":"https:\/\/www.wedobd.com\/index.php?rest_route=%2Fwp%2Fv2%2Fcomments&post=694"}],"version-history":[{"count":1,"href":"https:\/\/www.wedobd.com\/index.php?rest_route=\/wp\/v2\/posts\/694\/revisions"}],"predecessor-version":[{"id":4109,"href":"https:\/\/www.wedobd.com\/index.php?rest_route=\/wp\/v2\/posts\/694\/revisions\/4109"}],"wp:attachment":[{"href":"https:\/\/www.wedobd.com\/index.php?rest_route=%2Fwp%2Fv2%2Fmedia&parent=694"}],"wp:term":[{"taxonomy":"category","embeddable":true,"href":"https:\/\/www.wedobd.com\/index.php?rest_route=%2Fwp%2Fv2%2Fcategories&post=694"},{"taxonomy":"post_tag","embeddable":true,"href":"https:\/\/www.wedobd.com\/index.php?rest_route=%2Fwp%2Fv2%2Ftags&post=694"}],"curies":[{"name":"wp","href":"https:\/\/api.w.org\/{rel}","templated":true}]}}