{"id":70,"date":"2013-09-24T10:23:00","date_gmt":"2013-09-24T08:23:00","guid":{"rendered":"https:\/\/www.wedobd.com\/?p=70"},"modified":"2025-09-29T14:16:46","modified_gmt":"2025-09-29T12:16:46","slug":"le-15-octobre-une-matinee-pour-creer-des-bd-courtes-et-des-nouvelles","status":"publish","type":"post","link":"https:\/\/www.wedobd.com\/?p=70","title":{"rendered":"Le 15 octobre, une matin\u00e9e pour cr\u00e9er des bd courtes et des nouvelles."},"content":{"rendered":"<p>Un message pour un petit concours cr\u00e9atif pr\u00e9sid\u00e9 par notre copain Nicolas Keramidas, Inscriptions jusqu&#39;\u00e0 lundi.<\/p>\n<p><a href=\"http:\/\/lamatinale.short-edition.com\" target=\"_self\"><img decoding=\"async\" alt=\"Banniere\" src=\"https:\/\/www.wedobd.com\/wp-content\/uploads\/2013\/09\/6a00d8341c501b53ef019aff95cfc7970c-450wi.jpg\" style=\"display: block; margin-left: auto; margin-right: auto;\" title=\"Banniere\" \/><\/a><\/p>\n<p>shortEdition, l\u2019\u00e9diteur communautaire de la litt\u00e9rature courte et des nouveaux talents, organise pour la seconde ann\u00e9e cons\u00e9cutive La Matinale de le litt\u00e9rature courte !<\/p>\n<p>Comme les ateliers de Bandes dessin\u00e9es, shortEdition tend \u00e0 favoriser cet art en ouvrant l\u2019\u00e9dition \u00e0 de nouveaux auteurs, passionn\u00e9s par l\u2019\u00e9criture et le dessin.<br \/>L\u2019\u00e9v\u00e9nement, plac\u00e9 sous la pr\u00e9sidence de David FOENKINO, c\u00e9l\u00e8bre &quot;le court&quot; et tend \u00e0 faire d\u00e9couvrir les talents de la litt\u00e9rature courte\u2026 qui parviennent \u00e0 cr\u00e9er sous la contrainte du temps !<\/p>\n<p>Le Jury des bandes dessin\u00e9es, lui, sera pr\u00e9sid\u00e9, cette ann\u00e9e encore, par Nicolas KERAMIDAS, le p\u00e8re de Luuna (Soleil) et le guide d\u2019Alice au pays des singes (Gl\u00e9nat).<\/p>\n<p>De 07 h 07 \u00e0 14 h 14, des auteurs et des dessinateurs plancheront pour cr\u00e9er en direct des oeuvres dont le th\u00e8me sera d\u00e9voil\u00e9 le jour J. Avec 4 cat\u00e9gories \u00e0 l\u2019honneur : les Nouvelles, les BD courtes, les Po\u00e8mes et les Micro-Nouvelles.<\/p>\n<p>Cette matin\u00e9e cr\u00e9ative et litt\u00e9raire se tiendra donc le 15 octobre dans un bar privatis\u00e9 pour l\u2019\u00e9v\u00e9nement, \u00e0 Paris, 23 rue de Lappe, dans le 11\u00e8me. <\/p>\n<p>Les Jurys mixtes, compos\u00e9s de professionnels et de lecteurs amateurs, d\u00e9signeront les Laur\u00e9ats qui seront pr\u00e9sent\u00e9s \u00e0 la presse le soir-m\u00eame \u00e0 partir de 18 h 45. La dotation globale est de 2 400 \u20ac (600 \u20ac pour chaque Laur\u00e9at).<\/p>\n<p>shortEdition organise cet \u00e9v\u00e9nement en partenariat avec le r\u00e9seau social de lecteurs BABELIO, L&#39;INSTITUT DE L&#39;INNOVATION ET DE L&#39;ENTREPRENEURIAT SOCIAL de l&#39;ESSEC et L\u2019ORGANISATION INTERNATIONALE DE LA FRANCOPHONIE (OIF).<\/p>\n<p>Les inscriptions sont ouvertes jusqu\u2019au 30 septembre 2013. Les noms des participants s\u00e9lectionn\u00e9s seront d\u00e9voil\u00e9s le 2 octobre 2013.<\/p>\n<p>Pour plus d\u2019informations et pour les inscriptions il vous suffit de vous rendre sur le site de La Matinale : <a href=\"http:\/\/lamatinale.short-edition.com\" target=\"_self\">lamatinale.short-edition.com <\/a><\/p>\n","protected":false},"excerpt":{"rendered":"<p>shortEdition, l\u2019\u00e9diteur communautaire de la litt\u00e9rature courte et des nouveaux talents, organise pour la seconde ann\u00e9e cons\u00e9cutive La Matinale de le litt\u00e9rature courte !<\/p>\n","protected":false},"author":4,"featured_media":0,"comment_status":"open","ping_status":"closed","sticky":false,"template":"","format":"standard","meta":{"footnotes":""},"categories":[2],"tags":[51],"class_list":["post-70","post","type-post","status-publish","format-standard","hentry","category-04-actualite-blogs-et-bd","tag-a-6a00d8341c501b53ef01b7c7c8e3b1970b-pi"],"_links":{"self":[{"href":"https:\/\/www.wedobd.com\/index.php?rest_route=\/wp\/v2\/posts\/70","targetHints":{"allow":["GET"]}}],"collection":[{"href":"https:\/\/www.wedobd.com\/index.php?rest_route=\/wp\/v2\/posts"}],"about":[{"href":"https:\/\/www.wedobd.com\/index.php?rest_route=\/wp\/v2\/types\/post"}],"author":[{"embeddable":true,"href":"https:\/\/www.wedobd.com\/index.php?rest_route=\/wp\/v2\/users\/4"}],"replies":[{"embeddable":true,"href":"https:\/\/www.wedobd.com\/index.php?rest_route=%2Fwp%2Fv2%2Fcomments&post=70"}],"version-history":[{"count":1,"href":"https:\/\/www.wedobd.com\/index.php?rest_route=\/wp\/v2\/posts\/70\/revisions"}],"predecessor-version":[{"id":1685,"href":"https:\/\/www.wedobd.com\/index.php?rest_route=\/wp\/v2\/posts\/70\/revisions\/1685"}],"wp:attachment":[{"href":"https:\/\/www.wedobd.com\/index.php?rest_route=%2Fwp%2Fv2%2Fmedia&parent=70"}],"wp:term":[{"taxonomy":"category","embeddable":true,"href":"https:\/\/www.wedobd.com\/index.php?rest_route=%2Fwp%2Fv2%2Fcategories&post=70"},{"taxonomy":"post_tag","embeddable":true,"href":"https:\/\/www.wedobd.com\/index.php?rest_route=%2Fwp%2Fv2%2Ftags&post=70"}],"curies":[{"name":"wp","href":"https:\/\/api.w.org\/{rel}","templated":true}]}}