{"id":707,"date":"2009-09-21T14:00:00","date_gmt":"2009-09-21T12:00:00","guid":{"rendered":"https:\/\/www.wedobd.com\/?p=707"},"modified":"2025-09-29T14:49:15","modified_gmt":"2025-09-29T12:49:15","slug":"interview-2009-aseyn","status":"publish","type":"post","link":"https:\/\/www.wedobd.com\/?p=707","title":{"rendered":"Invit\u00e9 2009 #94 : Aseyn"},"content":{"rendered":"<p>Eternel premier laur\u00e9at du prix R\u00e9v\u00e9lation blog d&#39;Angoul\u00eame, <a href=\"http:\/\/aseyn.canalblog.com\/\" target=\"_blank\">Aseyn<\/a> sera de nouveau parmi nous cette ann\u00e9e.<\/p>\n<div style=\"text-align: center;\"><a href=\"http:\/\/yannicklejeune.blogs.com\/.a\/6a00d8341c501b53ef0120a5c70bf4970c-pi\" style=\"display: inline;\"><img decoding=\"async\" alt=\"Bd-festib\" class=\"at-xid-6a00d8341c501b53ef0120a5c70bf4970c \" src=\"https:\/\/yannicklejeune.blogs.com\/.a\/6a00d8341c501b53ef0120a5c70bf4970c-500wi\" \/><\/a> <\/div>\n<p><strong>Peux-tu rappeler \u00e0 nos lecteurs qui tu es ?<\/strong><\/p>\n<p>Aseyn. J&#39;ai gagn\u00e9 la R\u00e9v\u00e9lation Blog en 1912, je sens que je vais confirmer cette ann\u00e9e, je le sens bien.<\/p>\n<p><strong>Quoi de neuf dans ta carri\u00e8re et tes projets depuis ta derni\u00e8re participation ?<\/strong><\/p>\n<p>Je dois sortir un livre aux \u00e9ditions Vraoum, &quot;Edward le h\u00e9ros super&quot;. Je ne me prononcerai pas sur la date exacte, je me suis rendu compte que \u00e7a portait malheur. Sinon je vais aussi publier une sorte de artbook aux \u00e9ditions Charrette.<br \/>Ah et r\u00e9cemment j&#39;ai fait une affiche pour Rock en Seine, pour un groupe que j&#39;aime bien, School of Seven Bells. Je suis trop content parce qu&#39;ils ont gard\u00e9 une affiche et m&#39;en ont d\u00e9dicac\u00e9 une ! Merci Internet !<br \/><a href=\"http:\/\/yannicklejeune.blogs.com\/.a\/6a00d8341c501b53ef0120a5c710b0970c-pi\" style=\"float: right;\"><img decoding=\"async\" alt=\"Festiblog03\" class=\"at-xid-6a00d8341c501b53ef0120a5c710b0970c \" src=\"https:\/\/www.wedobd.com\/wp-content\/uploads\/2009\/09\/6a00d8341c501b53ef0120a5c710b0970c-320wi.jpg\" style=\"margin: 0px 0px 5px 5px;\" \/><\/a> &#0160;<br \/><strong>Ton blog a-t-il \u00e9volu\u00e9 depuis l\u2019ann\u00e9e derni\u00e8re ?<\/strong><\/p>\n<p>Non pas vraiment, il y a plus de notes, c&#39;est tout&#8230;<\/p>\n<p><strong>Quelle est ta vision de la blogosph\u00e8re BD en 2009 ?<\/strong><\/p>\n<p>Je pense que Goupil Acneique a fait le tour du sujet.<\/p>\n<p><strong>Quel est ton point de vue sur la BD num\u00e9rique cette ann\u00e9e ?<\/strong><\/p>\n<p>Clotka a bien r\u00e9sum\u00e9 la situation, je trouve.<\/p>\n<p><strong>Qu&#39;est-ce qui te motive personnellement \u00e0 cr\u00e9er en ligne ?<\/strong><\/p>\n<p>Mon compteur de visites en ligne. C&#39;est super ringard.<\/p>\n<p><strong>As-tu des chouchous en blogs BD ou en webcomics ?<\/strong><\/p>\n<p>Je viens de d\u00e9couvrir <a href=\"http:\/\/pbfcomics.com\/\" target=\"_blank\">The Perry Bible<\/a>. Je crois que je suis un peu en retard, mais je trouve tout absolument g\u00e9nial et dr\u00f4le.<\/p>\n<div style=\"text-align: center;\"><a href=\"http:\/\/yannicklejeune.blogs.com\/.a\/6a00d8341c501b53ef0120a5707a97970b-pi\" style=\"display: inline;\"><img decoding=\"async\" alt=\"Festiblog02\" class=\"at-xid-6a00d8341c501b53ef0120a5707a97970b \" src=\"https:\/\/www.wedobd.com\/wp-content\/uploads\/2009\/09\/6a00d8341c501b53ef0120a5707a97970b-500wi.jpg\" \/><\/a> <\/div>\n<p><strong>Quel est ton meilleur souvenir des pr\u00e9c\u00e9dents Festiblogs ?<\/strong><\/p>\n<p>Quand Clotka a vomi.<\/p>\n<p><strong>Un mot pour ceux qui vont venir te voir ?<\/strong><\/p>\n<p>T\u00e9l\u00e9ph\u00e9rique.<br \/><a href=\"http:\/\/yannicklejeune.blogs.com\/.a\/6a00d8341c501b53ef0120a5707aca970b-pi\" style=\"float: left;\"><img decoding=\"async\" alt=\"Festiblog01\" class=\"at-xid-6a00d8341c501b53ef0120a5707aca970b \" src=\"https:\/\/www.wedobd.com\/wp-content\/uploads\/2009\/09\/6a00d8341c501b53ef0120a5707aca970b-320wi.jpg\" style=\"margin: 0px 5px 5px 0px;\" \/><\/a> <br \/><strong>Parle-nous d&#39;un truc qui te plait mais qui n&#39;a rien \u00e0 voir avec la BD ?<\/strong><\/p>\n<p>Je pense que St\u00e9phane Sessegnon sera ballon d&#39;or 2009 \u00e0 l&#39;aise.<\/p>\n<p><strong>Quelque chose \u00e0 ajouter ?<\/strong><\/p>\n<p>Non, je crois qu&#39;on est bon la.<\/p>\n","protected":false},"excerpt":{"rendered":"<p>Eternel premier laur\u00e9at du prix R\u00e9v\u00e9lation blog d&#8217;Angoul\u00eame, Aseyn sera de nouveau parmi nous cette ann\u00e9e.<\/p>\n","protected":false},"author":6,"featured_media":0,"comment_status":"open","ping_status":"open","sticky":false,"template":"","format":"standard","meta":{"footnotes":""},"categories":[26,47],"tags":[141],"class_list":["post-707","post","type-post","status-publish","format-standard","hentry","category-02-le-festival-de-2005-a-2013","category-03-interviews-de-blogueurs-bd","tag-aseyn"],"_links":{"self":[{"href":"https:\/\/www.wedobd.com\/index.php?rest_route=\/wp\/v2\/posts\/707","targetHints":{"allow":["GET"]}}],"collection":[{"href":"https:\/\/www.wedobd.com\/index.php?rest_route=\/wp\/v2\/posts"}],"about":[{"href":"https:\/\/www.wedobd.com\/index.php?rest_route=\/wp\/v2\/types\/post"}],"author":[{"embeddable":true,"href":"https:\/\/www.wedobd.com\/index.php?rest_route=\/wp\/v2\/users\/6"}],"replies":[{"embeddable":true,"href":"https:\/\/www.wedobd.com\/index.php?rest_route=%2Fwp%2Fv2%2Fcomments&post=707"}],"version-history":[{"count":1,"href":"https:\/\/www.wedobd.com\/index.php?rest_route=\/wp\/v2\/posts\/707\/revisions"}],"predecessor-version":[{"id":4170,"href":"https:\/\/www.wedobd.com\/index.php?rest_route=\/wp\/v2\/posts\/707\/revisions\/4170"}],"wp:attachment":[{"href":"https:\/\/www.wedobd.com\/index.php?rest_route=%2Fwp%2Fv2%2Fmedia&parent=707"}],"wp:term":[{"taxonomy":"category","embeddable":true,"href":"https:\/\/www.wedobd.com\/index.php?rest_route=%2Fwp%2Fv2%2Fcategories&post=707"},{"taxonomy":"post_tag","embeddable":true,"href":"https:\/\/www.wedobd.com\/index.php?rest_route=%2Fwp%2Fv2%2Ftags&post=707"}],"curies":[{"name":"wp","href":"https:\/\/api.w.org\/{rel}","templated":true}]}}