{"id":711,"date":"2009-09-19T16:00:00","date_gmt":"2009-09-19T14:00:00","guid":{"rendered":"https:\/\/www.wedobd.com\/?p=711"},"modified":"2025-09-29T15:48:27","modified_gmt":"2025-09-29T13:48:27","slug":"interview-2009-unter","status":"publish","type":"post","link":"https:\/\/www.wedobd.com\/?p=711","title":{"rendered":"Invit\u00e9 2009 #90 : Unter"},"content":{"rendered":"<p>Malgr\u00e9 l&#39;activit\u00e9 quelque peu sporadique de son blog, nous avons tenu \u00e0 inviter <a href=\"http:\/\/chezunter.free.fr\/\" target=\"_blank\">Unter<\/a> une nouvelle fois. Et pour nous remercier, il a bien voulu r\u00e9pondre \u00e0 nos questions. Ou presque.<\/p>\n<div style=\"text-align: center;\"><a href=\"http:\/\/yannicklejeune.blogs.com\/.a\/6a00d8341c501b53ef0120a56be5a9970b-pi\" style=\"display: inline;\"><img decoding=\"async\" alt=\"Festiblog01\" class=\"at-xid-6a00d8341c501b53ef0120a56be5a9970b \" src=\"https:\/\/www.wedobd.com\/wp-content\/uploads\/2009\/09\/6a00d8341c501b53ef0120a56be5a9970b-500wi.jpg\" \/><\/a> <\/div>\n<p><strong>Peux-tu rappeler \u00e0 nos lecteurs qui tu es ?<\/strong><\/p>\n<p>Unter<\/p>\n<p><strong>Quoi de neuf dans ta carri\u00e8re et tes projets depuis ta derni\u00e8re participation ?<\/strong><\/p>\n<p>Vous\u2026 Vous ai-je d\u00e9j\u00e0 racont\u00e9 comment j\u2019ai eu la peau du Club Yaourt ?<\/p>\n<div style=\"text-align: center;\"><a href=\"http:\/\/yannicklejeune.blogs.com\/.a\/6a00d8341c501b53ef0120a5c2857e970c-pi\" style=\"display: inline;\"><img decoding=\"async\" alt=\"Festiblog02\" class=\"at-xid-6a00d8341c501b53ef0120a5c2857e970c \" src=\"https:\/\/www.wedobd.com\/wp-content\/uploads\/2009\/09\/6a00d8341c501b53ef0120a5c2857e970c-500wi.jpg\" \/><\/a> <\/div>\n<p><strong>Ton blog a-t-il \u00e9volu\u00e9 depuis l\u2019ann\u00e9e derni\u00e8re ?<\/strong><\/p>\n<p>Hum\u2026 Je ne crois pas, non. Il est toujours aussi bord\u00e9lique !<\/p>\n<p><strong>Quelle est ta vision de la blogosph\u00e8re BD en 2009 ?<\/strong><\/p>\n<p>On dirait que \u00e7a se stabilise autour de trois groupes : les gens qui bloguent pour se faire de la pub, ceux qui bloguent pour le plaisir de bloguer et ceux qui bloguent parce qu\u2019ils croient que \u00e7a va faire d\u2019eux des stars. Les premiers montrent des belles choses mais ne racontent rien, les deuxi\u00e8mes ont toujours quelque chose \u00e0 dire mais le niveau est tr\u00e8s disparate et les derniers se prennent incroyablement au s\u00e9rieux, le seul moyen de s\u2019amuser avec eux, c\u2018est d\u2019aller les contredire sur les forums.<\/p>\n<div style=\"text-align: center;\"><a href=\"http:\/\/yannicklejeune.blogs.com\/.a\/6a00d8341c501b53ef0120a56be919970b-pi\" style=\"display: inline;\"><img decoding=\"async\" alt=\"Festiblog03\" class=\"at-xid-6a00d8341c501b53ef0120a56be919970b \" src=\"https:\/\/www.wedobd.com\/wp-content\/uploads\/2009\/09\/6a00d8341c501b53ef0120a56be919970b-500wi.jpg\" \/><\/a> <\/div>\n<p><strong>Quel est ton point de vue sur la BD num\u00e9rique cette ann\u00e9e ?<\/strong><\/p>\n<p>Mon avis n\u2019a pas chang\u00e9. La BD num\u00e9rique c\u2019est bien, tr\u00e8s bien, mais ne vaudra jamais celle sur papier. Malgr\u00e9 les tonnes de pixels de BD que je me farcis, je lis tout de m\u00eame plus sur bouquin. Et j\u2019avoue que je suis toujours plus impatient de lire des albums BD que des notes de blogs, aussi r\u00e9ussies soient-elles. L\u2019objet m\u2019int\u00e9resse, en fait. S\u00fbrement un truc de f\u00e9tichiste.<\/p>\n<div style=\"text-align: center;\"><a href=\"http:\/\/yannicklejeune.blogs.com\/.a\/6a00d8341c501b53ef0120a56be991970b-pi\" style=\"display: inline;\"><img decoding=\"async\" alt=\"Festiblog04\" class=\"at-xid-6a00d8341c501b53ef0120a56be991970b \" src=\"https:\/\/www.wedobd.com\/wp-content\/uploads\/2009\/09\/6a00d8341c501b53ef0120a56be991970b-500wi.jpg\" \/><\/a> <\/div>\n<p><strong>Qu&#39;est-ce qui te motive personnellement \u00e0 cr\u00e9er en ligne ?<\/strong><\/p>\n<p>La spontan\u00e9it\u00e9 des notes et du dessin par la m\u00eame occasion, et les retours directs des lecteurs.<\/p>\n<p><strong>As-tu des chouchous en blogs BD ou en webcomics ?<\/strong><\/p>\n<p>Oui, toujours plus ou moins les m\u00eames je crois&#8230; <a href=\"http:\/\/bastienvives.blogspot.com\/\" target=\"_blank\">Bastien Viv\u00e8s<\/a>, <a href=\"http:\/\/erwann.surcouf.free.fr\/blog\/dotclear\/\" target=\"_blank\">Erwann Surcouf<\/a>, <a href=\"http:\/\/aseyn.canalblog.com\/\" target=\"_blank\">Aseyn<\/a>, <a href=\"http:\/\/www.thomasmathieu.com\/\" target=\"_blank\">Thomas Mathieu<\/a>, <a href=\"http:\/\/lommsek.blogspot.com\/\" target=\"_blank\">Lommsek<\/a>, <a href=\"http:\/\/ultimex.over-blog.com\/\" target=\"_blank\">Ultimex<\/a>, <a href=\"http:\/\/tumourrasmoinsbete.blogspot.com\/\" target=\"_blank\">Marion Montaigne<\/a>, <a href=\"http:\/\/clotka.blogspot.com\/\" target=\"_blank\">Clotka<\/a>&#8230;<\/p>\n<div style=\"text-align: center;\"><a href=\"http:\/\/yannicklejeune.blogs.com\/.a\/6a00d8341c501b53ef0120a56be9c3970b-pi\" style=\"display: inline;\"><img decoding=\"async\" alt=\"Festiblog05\" class=\"at-xid-6a00d8341c501b53ef0120a56be9c3970b \" src=\"https:\/\/www.wedobd.com\/wp-content\/uploads\/2009\/09\/6a00d8341c501b53ef0120a56be9c3970b-500wi.jpg\" \/><\/a> <\/div>\n<p><strong>Quel est ton meilleur souvenir des pr\u00e9c\u00e9dents Festiblogs ?<\/strong><\/p>\n<p>Tout b\u00eatement, je pense que c\u2019\u00e9tait l\u2019an dernier, quand je pensais que personne ne viendrait me voir et qu\u2019en fait, si. Encore merci \u00e0 ceux qui sont venus, donc.<\/p>\n<p><strong>Un mot pour ceux qui vont venir te voir ?<\/strong><\/p>\n<p>Le plus simple serait de se retrouver directement au troquet du coin.<\/p>\n<div style=\"text-align: center;\"><a href=\"http:\/\/yannicklejeune.blogs.com\/.a\/6a00d8341c501b53ef0120a5c286a0970c-pi\" style=\"display: inline;\"><img decoding=\"async\" alt=\"Festiblog06\" class=\"at-xid-6a00d8341c501b53ef0120a5c286a0970c \" src=\"https:\/\/www.wedobd.com\/wp-content\/uploads\/2009\/09\/6a00d8341c501b53ef0120a5c286a0970c-500wi.jpg\" \/><\/a> <\/div>\n<p><strong><br \/>Parle-nous d&#39;un truc qui te plait mais qui n&#39;a rien \u00e0 voir avec la BD ?<\/strong><\/p>\n<p>Les bananes sont des longs fruits plus ou moins l\u00e9g\u00e8rement incurv\u00e9s, souvent regroup\u00e9s sur le bananier en grappes nomm\u00e9es \u201cr\u00e9gimes\u201d. La banane poss\u00e8de une peau de couleur jaune ou verte, tr\u00e8s facile \u00e0 d\u00e9tacher. La partie int\u00e9rieure est une pulpe amylac\u00e9e au go\u00fbt d\u00e9lectablement sucr\u00e9 et \u00e0 la consistance g\u00e9n\u00e9ralement fondante. Les bananes habituellement consomm\u00e9es sont des fruits tr\u00e8s g\u00e9n\u00e9ralement st\u00e9riles issus de vari\u00e9t\u00e9s domestiqu\u00e9es ! Les fruits des bananiers sauvages poss\u00e8dent bien s\u00fbr des graines. Les bananes constituent un \u00e9l\u00e9ment essentiel du r\u00e9gime alimentaire de certains pays d\u00e9velopp\u00e9s et constituent une nourriture de base pour des millions de primates. Le nom banane est d\u00e9riv\u00e9 du portugais, lui-m\u00eame probablement emprunt\u00e9 au bantou de Guin\u00e9e, dans l\u2019expression en portugais \u201cFiguera Banana\u201d, \u201cfiguier portant bananes\u201d. Les bananes m\u00fbres sont riches en potassium et en sucres. Elles sont tr\u00e8s nourrissantes (90 kcal\/100 g) et tr\u00e8s digestes en raison de leur faible teneur en graisses. C\u2019est la raison pour laquelle elles sont le plus souvent consomm\u00e9es crues. En termes de valeur de production, les bananes se situent au 4e rang des plantes alimentaires d\u2019importance au niveau mondial !<\/p>\n<p><strong>Quelque chose \u00e0 ajouter ?<\/strong><\/p>\n<p>C\u2019est en pure perte, mais \u00e7a fait toujours du bien de le dire : \u00ab D\u00e9tendez-vous, les mecs. C\u2019est juste des blogs. On est l\u00e0 pour se faire plaisir. \u00bb<\/p>\n<p>N.-B. : Je pr\u00e9cise que bien que les r\u00e9ponses ci-dessus se trouvent \u00eatre \u00a9 Clotka, M\u00e9laka, Ak, Aka, Ced, Goupil Acn\u00e9ique, Looky, elles sont sinc\u00e8res &amp; collent impec \u00e0 mon \u00e9tat d\u2019esprit. M\u00eame si perso, j\u2019aurais \u00e9crit avec bien plus de finesse mais l\u00e0 j\u2019ai pas le temps je dois, euh, faire une note de blog. <\/p>\n<div style=\"text-align: center;\"><a href=\"http:\/\/yannicklejeune.blogs.com\/.a\/6a00d8341c501b53ef0120a5c28702970c-pi\" style=\"display: inline;\"><img decoding=\"async\" alt=\"Festiblog07\" class=\"at-xid-6a00d8341c501b53ef0120a5c28702970c \" src=\"https:\/\/www.wedobd.com\/wp-content\/uploads\/2009\/09\/6a00d8341c501b53ef0120a5c28702970c-500wi.jpg\" \/><\/a> <\/div>\n","protected":false},"excerpt":{"rendered":"<p>Malgr\u00e9 l&#8217;activit\u00e9 quelque peu sporadique de son blog, nous avons tenu \u00e0 inviter Unter une nouvelle fois. Et pour nous remercier, il a bien voulu r\u00e9pondre \u00e0 nos questions. Ou presque.<\/p>\n","protected":false},"author":6,"featured_media":0,"comment_status":"open","ping_status":"open","sticky":false,"template":"","format":"standard","meta":{"footnotes":""},"categories":[26,47],"tags":[236],"class_list":["post-711","post","type-post","status-publish","format-standard","hentry","category-02-le-festival-de-2005-a-2013","category-03-interviews-de-blogueurs-bd","tag-unter"],"_links":{"self":[{"href":"https:\/\/www.wedobd.com\/index.php?rest_route=\/wp\/v2\/posts\/711","targetHints":{"allow":["GET"]}}],"collection":[{"href":"https:\/\/www.wedobd.com\/index.php?rest_route=\/wp\/v2\/posts"}],"about":[{"href":"https:\/\/www.wedobd.com\/index.php?rest_route=\/wp\/v2\/types\/post"}],"author":[{"embeddable":true,"href":"https:\/\/www.wedobd.com\/index.php?rest_route=\/wp\/v2\/users\/6"}],"replies":[{"embeddable":true,"href":"https:\/\/www.wedobd.com\/index.php?rest_route=%2Fwp%2Fv2%2Fcomments&post=711"}],"version-history":[{"count":2,"href":"https:\/\/www.wedobd.com\/index.php?rest_route=\/wp\/v2\/posts\/711\/revisions"}],"predecessor-version":[{"id":5662,"href":"https:\/\/www.wedobd.com\/index.php?rest_route=\/wp\/v2\/posts\/711\/revisions\/5662"}],"wp:attachment":[{"href":"https:\/\/www.wedobd.com\/index.php?rest_route=%2Fwp%2Fv2%2Fmedia&parent=711"}],"wp:term":[{"taxonomy":"category","embeddable":true,"href":"https:\/\/www.wedobd.com\/index.php?rest_route=%2Fwp%2Fv2%2Fcategories&post=711"},{"taxonomy":"post_tag","embeddable":true,"href":"https:\/\/www.wedobd.com\/index.php?rest_route=%2Fwp%2Fv2%2Ftags&post=711"}],"curies":[{"name":"wp","href":"https:\/\/api.w.org\/{rel}","templated":true}]}}