{"id":726,"date":"2009-09-12T00:01:00","date_gmt":"2009-09-11T22:01:00","guid":{"rendered":"https:\/\/www.wedobd.com\/?p=726"},"modified":"2025-09-29T14:50:45","modified_gmt":"2025-09-29T12:50:45","slug":"interview-2009-chanouga","status":"publish","type":"post","link":"https:\/\/www.wedobd.com\/?p=726","title":{"rendered":"Invit\u00e9 2009 #76 : Chanouga"},"content":{"rendered":"<p>Pour la premi\u00e8re fois au festiblog, <a href=\"http:\/\/chanouga.over-blog.com\/\" target=\"_blank\">Chanouga<\/a> viendra nous rendre visite avec ses sir\u00e8nes dans les crayons.<\/p>\n<div style=\"text-align: center;\"><a href=\"http:\/\/yannicklejeune.blogs.com\/.a\/6a00d8341c501b53ef0120a55b8a02970b-pi\" style=\"display: inline;\"><img decoding=\"async\" alt=\"Festiblog\" class=\"at-xid-6a00d8341c501b53ef0120a55b8a02970b \" src=\"https:\/\/www.wedobd.com\/wp-content\/uploads\/2009\/09\/6a00d8341c501b53ef0120a55b8a02970b-500wi.jpg\" \/><\/a> <\/div>\n<p><strong>Qui es-tu ?<\/strong><\/p>\n<p>Je suis Chanouga du \u201cBlog de Chanouga\u201d.<\/p>\n<p><strong>Comment as-tu commenc\u00e9 \u00e0 dessiner ?<\/strong><\/p>\n<p>Avec madame Martin en premi\u00e8re ann\u00e9e de maternelle.<\/p>\n<p><strong>As-tu suivi une formation ?<\/strong><\/p>\n<p>Oui les Beaux arts \u00e0 Marseille, mais je me soigne\u2026<\/p>\n<p><strong>Peux-tu pr\u00e9senter ton blog ?<\/strong><\/p>\n<p>C\u2019est mon jardin secret, ma cour de r\u00e9cr\u00e9ation, une sorte d\u2019espace o\u00f9 je ne raconte pas ma vie mais plut\u00f4t mes fantasmes\u2026 mes obsessions (les sir\u00e8nes par exemple !) j\u2019y d\u00e9pose peu souvent des images &#8211; bandes dessin\u00e9es ou illustrations\u2026 je fais pas dans le dr\u00f4les, mais plut\u00f4t dans le troublant voire le repoussant\u2026<\/p>\n<p><strong>Pourquoi as-tu commenc\u00e9 \u00e0 bloguer ?<\/strong><\/p>\n<p>Au d\u00e9part, par curiosit\u00e9, avec un investissement minimum, puis je me suis rendu compte que c\u2019\u00e9tait une mani\u00e8re de me motiver pour dessiner plus r\u00e9guli\u00e8rement\u2026 alors j\u2019ai pris \u00e7a plus au s\u00e9rieux\u2026 mais c\u2019est surtout le sentiment d\u2019\u00eatre en lien direct avec le lecteur\u2026<\/p>\n<p><strong>Quel public voulais-tu rencontrer ?<\/strong><\/p>\n<p>Aucune id\u00e9e\u2026 j\u2019accepte tout le monde<\/p>\n<p><strong>Et finalement qui sont tes lecteurs ?<\/strong><\/p>\n<p>Des gens probablement tr\u00e8s bien au go\u00fbt assur\u00e9ment excellent ! \u2026non, en fait je ne sais pas vraiment, mais en tout cas, vu le rythme de mes mises \u00e0 jour, ce sont des gens tr\u00e8s patients.<\/p>\n<p><strong>Combien de temps passes-tu en moyenne sur tes notes ?<\/strong><\/p>\n<p>Il n\u2019y a pas de r\u00e8gle, tout d\u00e9pend de ma motivation \u00e7a peut \u00eatre tr\u00e8s rapide, parfois tr\u00e8s laborieux\u2026<\/p>\n<p><strong>Est-ce que ce sont des dessins sp\u00e9cialement faits pour le blog ?<\/strong><\/p>\n<p>En g\u00e9n\u00e9ral, oui\u2026&#0160;<\/p>\n<p><strong>Avec quoi dessines-tu ?<\/strong><\/p>\n<p>Je dessine beaucoup au crayon\u2026 j\u2019aime sa sensibilit\u00e9, et peut \u00eatre aussi l\u2019id\u00e9e que la gomme peut tout corriger (m\u00eame si je ne l\u2019utilise que tr\u00e8s rarement), pour la couleur, j\u2019utilise une palette et Photoshop\u2026 pour l\u2019instant<\/p>\n<p><strong>Quelles sont tes influences graphiques ?<\/strong><\/p>\n<p>Delphine (ma fille), Mattotti, Gipi, Jorge Gonz\u00e1lez, Tony Sandoval, Arthur Rackham, Hokusai, Utamaro, Miyazaki\u2026 \u00e7a d\u00e9pend des jours.<\/p>\n<p><\/p>\n<p style=\"text-align: center;\"><a href=\"http:\/\/yannicklejeune.blogs.com\/.a\/6a00d8341c501b53ef0120a55b8ccf970b-pi\" style=\"display: inline;\"><img decoding=\"async\" alt=\"Festiblog02\" class=\"at-xid-6a00d8341c501b53ef0120a55b8ccf970b \" src=\"https:\/\/www.wedobd.com\/wp-content\/uploads\/2009\/09\/6a00d8341c501b53ef0120a55b8ccf970b-500wi.jpg\" \/><\/a> <\/p>\n<p><strong>Combien de temps passes-tu sur les blogs des autres ?<\/strong><\/p>\n<p>Souvent beaucoup de temps, parfois pas du tout\u2026<\/p>\n<p><strong>Quels sont ceux dont tu es fan ?<\/strong><\/p>\n<p>Mes pr\u00e9f\u00e9r\u00e9s sont dans mes liens\u2026 mais il y en a beaucoup que je visite r\u00e9guli\u00e8rement et qui n\u2019y sont pas\u2026 j\u2019adore ce que font <a href=\"http:\/\/lewistrondheim.com\/blog\/\" target=\"_blank\">Trondheim<\/a>, <a href=\"http:\/\/www.bouletcorp.com\/blog\/\" target=\"_blank\">Boulet<\/a>, <a href=\"http:\/\/bastienvives.blogspot.com\/\" target=\"_blank\">B. Viv\u00e8s<\/a>\u2026<\/p>\n<p><strong>As-tu fait des rencontres gr\u00e2ce aux blogs ?<\/strong><\/p>\n<p>En chair et en os, les seuls que j\u2019ai eu le plaisir de rencontrer sont <a href=\"http:\/\/losmonstruosdetony.blogspot.com\/\" target=\"_blank\">Tony Sandoval<\/a> et <a href=\"http:\/\/johantroianowski.canalblog.com\/\" target=\"_blank\">Johan Tro\u00efanowski<\/a>. C\u2019est aussi un peu pour \u00e7a que je viens au Festiblog !!<\/p>\n<p><strong>Es-tu sensible aux commentaires ?<\/strong><\/p>\n<p>Tr\u00e8s sensible, c\u2019est mon carburant\u2026 un commentaire d\u00e9sagr\u00e9able me plonge plusieurs jours dans un \u00e9tat de profonde tristesse\u2026 non, en fait, ils sont tous tr\u00e8s gentils ou bien intelligemment critiques.<\/p>\n<p><strong>Pour toi, quels sont les points forts du blog et de la BD en ligne ?<\/strong><\/p>\n<p>C\u2019est ouvert \u00e0 tout le monde et c\u2019est gratuit !\u2026 l\u2019id\u00e9e est belle, il y a \u00e9norm\u00e9ment de choses, mais dans les faits, beaucoup se ressemblent, racontent les m\u00eames histoires\u2026 mais c\u2019est pas grave, il y a parfois de belles surprises\u2026<\/p>\n<p><strong>Et les points faibles ?<\/strong><\/p>\n<p>Ce qui est gratuit n\u2019a pas de valeur\u2026 c\u2019est pas tr\u00e8s r\u00e9mun\u00e9rateur pour les auteurs\u2026<\/p>\n<p><strong>Comment penses-tu que la blogosph\u00e8re BD va \u00e9voluer ?<\/strong><\/p>\n<p>Aucune id\u00e9e\u2026 elle devra peut-\u00eatre s\u2019adapter \u00e0 des supports de lecture diff\u00e9rents (mobiles, iPhone\u2026) ?<\/p>\n<p><strong>Penses-tu que les gens vont de plus en plus lire de BD en ligne ?<\/strong><\/p>\n<p>\u2026j\u2019aime \u00e0 croire qu\u2019elle peut \u00eatre compl\u00e9mentaire \u00e0 sa forme papier\u2026 j\u2019imagine que c\u2019est incontournable, le manga est d\u00e9j\u00e0 tr\u00e8s pr\u00e9sent sous cette forme\u2026<\/p>\n<p><strong>De mani\u00e8re g\u00e9n\u00e9rale, penses-tu que la BD num\u00e9rique (\u00e0 lire sur le web, sur iPhone, sur PSP&#8230;) pourrait nuire \u00e0 la BD papier ?<\/strong><\/p>\n<p>Nuire\u2026 pas forcement, \u00e7a pourrait \u00eatre une \u00e9tape avant la sortie papier (pour exemple le tr\u00e8s beau \u00ab Tea party \u00bb de Nancy pe\u00f1a)\u2026 mais le papier, \u00e7a reste quand m\u00eame g\u00e9nial non ? Peut \u00eatre qu\u2019il faudrait imaginer une autre approche de la bande dessin\u00e9e, plus adapt\u00e9e \u00e0 l\u2019\u00e9cran\u2026 pourquoi pas interactive\u2026<\/p>\n<p><strong>O\u00f9 peut-on voir ton travail en dehors des blogs ?<\/strong><\/p>\n<p>Chez moi.<br \/><strong><br \/>As-tu des albums ? Peux-tu nous les pr\u00e9senter ?<\/strong><\/p>\n<p>Non\u2026 mais j\u2019y travaille.<\/p>\n<div style=\"text-align: center;\"><span style=\"text-decoration: underline;\"><a href=\"http:\/\/yannicklejeune.blogs.com\/.a\/6a00d8341c501b53ef0120a55b8c23970b-popup\" onclick=\"window.open( this.href, &#39;_blank&#39;, &#39;width=640,height=480,scrollbars=no,resizable=no,toolbar=no,directories=no,location=no,menubar=no,status=no,left=0,top=0&#39; ); return false\" style=\"display: inline;\"><img decoding=\"async\" alt=\"Festiblog03\" class=\"at-xid-6a00d8341c501b53ef0120a55b8c23970b \" src=\"https:\/\/www.wedobd.com\/wp-content\/uploads\/2009\/09\/6a00d8341c501b53ef0120a55b8c23970b-500wi.jpg\" \/><\/a> <\/span> <\/div>\n<p><strong>Qu&#39;attends-tu de ta venue au Festiblog ?<\/strong><\/p>\n<p>Donner des visages \u00e0 des noms\u2026 (entre autre !)<\/p>\n<p><strong>Parle-nous d&#39;un truc qui n&#39;a rien \u00e0 voir avec la BD et que tu aimes ?<\/strong><\/p>\n<p>Faire des p\u00e2t\u00e9s de sable (accessoirement des sir\u00e8nes dans ce m\u00eame mat\u00e9riau).<\/p>\n<p><strong>Un dernier mot ?<\/strong><\/p>\n<p>non <\/p>\n","protected":false},"excerpt":{"rendered":"<p>Pour la premi\u00e8re fois au festiblog, Chanouga viendra nous rendre visite avec ses sir\u00e8nes dans les crayons.<\/p>\n","protected":false},"author":6,"featured_media":0,"comment_status":"open","ping_status":"open","sticky":false,"template":"","format":"standard","meta":{"footnotes":""},"categories":[26,47],"tags":[520],"class_list":["post-726","post","type-post","status-publish","format-standard","hentry","category-02-le-festival-de-2005-a-2013","category-03-interviews-de-blogueurs-bd","tag-chanou"],"_links":{"self":[{"href":"https:\/\/www.wedobd.com\/index.php?rest_route=\/wp\/v2\/posts\/726","targetHints":{"allow":["GET"]}}],"collection":[{"href":"https:\/\/www.wedobd.com\/index.php?rest_route=\/wp\/v2\/posts"}],"about":[{"href":"https:\/\/www.wedobd.com\/index.php?rest_route=\/wp\/v2\/types\/post"}],"author":[{"embeddable":true,"href":"https:\/\/www.wedobd.com\/index.php?rest_route=\/wp\/v2\/users\/6"}],"replies":[{"embeddable":true,"href":"https:\/\/www.wedobd.com\/index.php?rest_route=%2Fwp%2Fv2%2Fcomments&post=726"}],"version-history":[{"count":1,"href":"https:\/\/www.wedobd.com\/index.php?rest_route=\/wp\/v2\/posts\/726\/revisions"}],"predecessor-version":[{"id":4277,"href":"https:\/\/www.wedobd.com\/index.php?rest_route=\/wp\/v2\/posts\/726\/revisions\/4277"}],"wp:attachment":[{"href":"https:\/\/www.wedobd.com\/index.php?rest_route=%2Fwp%2Fv2%2Fmedia&parent=726"}],"wp:term":[{"taxonomy":"category","embeddable":true,"href":"https:\/\/www.wedobd.com\/index.php?rest_route=%2Fwp%2Fv2%2Fcategories&post=726"},{"taxonomy":"post_tag","embeddable":true,"href":"https:\/\/www.wedobd.com\/index.php?rest_route=%2Fwp%2Fv2%2Ftags&post=726"}],"curies":[{"name":"wp","href":"https:\/\/api.w.org\/{rel}","templated":true}]}}