{"id":728,"date":"2009-09-11T16:00:00","date_gmt":"2009-09-11T14:00:00","guid":{"rendered":"https:\/\/www.wedobd.com\/?p=728"},"modified":"2025-09-29T14:50:54","modified_gmt":"2025-09-29T12:50:54","slug":"interview-2009-double-p","status":"publish","type":"post","link":"https:\/\/www.wedobd.com\/?p=728","title":{"rendered":"Invit\u00e9 2009 #75 : Double P"},"content":{"rendered":"<p style=\"text-align: justify;\">En provenance direct de sa Belgique natale o\u00f9 il est toujours <a href=\"http:\/\/placeman.canalblog.com\/\" target=\"_blank\">Trentenaire, mari\u00e9, avec 2 enfants<\/a>, Double P (\u00e0 qui l&#39;on doit \u00e9galement la cr\u00e9ation de <a href=\"http:\/\/www.festival-blogs-bd.com\/la-grande-chaine-des-blogs-bd.html\">la grande cha\u00eene des blogs bd<\/a>, qu&#39;il a bien voulu nous confier d\u00e9sormais) nous revient cette ann\u00e9e.<\/p>\n<div style=\"text-align: center;\"><a href=\"http:\/\/yannicklejeune.blogs.com\/.a\/6a00d8341c501b53ef0120a547e8f1970b-pi\" style=\"display: inline;\"><img decoding=\"async\" alt=\"Itw_doublep1\" class=\"at-xid-6a00d8341c501b53ef0120a547e8f1970b \" src=\"https:\/\/yannicklejeune.blogs.com\/.a\/6a00d8341c501b53ef0120a547e8f1970b-500wi\" \/><\/a> <\/p>\n<div style=\"text-align: left;\">\n<div style=\"text-align: justify;\"><strong>Peux-tu rappeler \u00e0 nos lecteurs qui tu es ?<\/strong><\/p>\n<p>Tout est dit dans l&#39;intitul\u00e9 de mon site, je suis un trentenaire, mari\u00e9 avec 2 enfants qui raconte sa vie, les anecdotes familiales sous forme de bande dessin\u00e9e. Mais pour ne pas se tromper, mon surnom de blogueur c&#39;est Double P. Je tiens \u00e0 le signaler, car lors de mon premier Festiblog, je me suis fait litt\u00e9ralement agresser par une lectrice qui avait failli me louper car elle ne savait pas que Double P et le \u00ab trentenaire \u00bb ne faisaient qu&#39;une seule et m\u00eame personne. \u00ab comment peut on savoir que c&#39;est vous ?(sic)\u00bb \u00ab heu,&#8230; je sais pas, parce que toutes les notes sont post\u00e9es par Double P? \u00bb.<\/p>\n<p><strong>Quoi de neuf dans ta carri\u00e8re et tes projets depuis ta derni\u00e8re participation ?<\/strong><\/p>\n<p>Au niveau de ma carri\u00e8re tout baigne. Je ne pense pas que beaucoup de lecteurs se rendent compte que j&#39;ai un boulot et que je ne vis pas de la bande dessin\u00e9e, cette derni\u00e8re n&#39;est qu&#39;un passe temps. Je suis webdesigner, illustrateur, et graphiste J&#39;ai pas mal bourlingu\u00e9, comme ind\u00e9pendant, de boite de pub en agence web et je pense enfin pouvoir me poser.<\/div>\n<p><\/p>\n<div style=\"text-align: center;\"><a href=\"http:\/\/yannicklejeune.blogs.com\/.a\/6a00d8341c501b53ef0120a59ecdc9970c-pi\" style=\"display: inline;\"><img decoding=\"async\" alt=\"Itw_doublep2\" class=\"at-xid-6a00d8341c501b53ef0120a59ecdc9970c \" src=\"https:\/\/www.wedobd.com\/wp-content\/uploads\/2009\/09\/6a00d8341c501b53ef0120a59ecdc9970c-500wi.jpg\" \/><\/a> <\/div>\n<p><\/p>\n<div style=\"text-align: justify;\"><strong>Ton blog a-t-il \u00e9volu\u00e9 depuis l\u2019ann\u00e9e derni\u00e8re ?<\/strong><\/p>\n<p>Oui, beaucoup m\u00eame, puisque je publie de moins en moins.<\/p>\n<p><strong>Quelle est ta vision de la blogosph\u00e8re BD en 2009 ?<\/strong><\/p>\n<p>J&#39;ai pu constater, de loin, qu&#39;elle avait tr\u00e8s bien \u00e9volu\u00e9 cette ann\u00e9e. Malheureusement moi je l&#39;ai compl\u00e8tement d\u00e9laiss\u00e9e par manque de temps.<\/p>\n<p><strong>Qu&#39;est-ce qui te motive personnellement \u00e0 cr\u00e9er en ligne ?<\/strong><\/p>\n<p>Aie, mauvaise question, j&#39;ai plusieurs fois voulu raccrocher. Mais mon proche entourage et mes lecteurs m&#39;en ont dissuad\u00e9. En plus je trouve path\u00e9tique d&#39;annoncer qu&#39;on ferme son blog, alors qu&#39;on continue \u00e0 publier. C&#39;est comme ces chanteurs qui font leurs adieux au public et qui sortent un nouvel album l&#39;ann\u00e9e suivante. En gros le pr\u00e9texte c&#39;\u00e9tait que je n&#39;avais plus le temps, mais en r\u00e9alit\u00e9 je ne suis plus motiv\u00e9. Et pourtant il y a plein d&#39;anecdotes qui dorment dans mes carnets de note.<\/p>\n<p><strong>As-tu des chouchous en blogs BD ou en webcomics ?<\/strong><\/p>\n<p>Ce sont toujours les m\u00eames, on les retrouve en lien sur mon blog<\/div>\n<p><\/p>\n<div style=\"text-align: center;\"><a href=\"http:\/\/yannicklejeune.blogs.com\/.a\/6a00d8341c501b53ef0120a547eac0970b-pi\" style=\"display: inline;\"><img decoding=\"async\" alt=\"Itw_doublep3\" class=\"at-xid-6a00d8341c501b53ef0120a547eac0970b \" src=\"https:\/\/www.wedobd.com\/wp-content\/uploads\/2009\/09\/6a00d8341c501b53ef0120a547eac0970b-500wi.jpg\" \/><\/a> <\/div>\n<p><\/p>\n<div style=\"text-align: justify;\"><strong>Quel est ton meilleur souvenir des pr\u00e9c\u00e9dents Festiblogs ?<\/strong><\/p>\n<p>Les deux jours que j&#39;ai pass\u00e9 l&#39;ann\u00e9e derni\u00e8re \u00e9taient fabuleux et j&#39;ai beaucoup de mal \u00e0 n&#39;en sortir qu&#39;un seul souvenir. Le Festiblog est avant tout un lieu de rencontre, on y va pour \u00e7a, et on est pas d\u00e9\u00e7us.<\/p>\n<p><strong>Un mot pour ceux qui vont venir te voir ?<\/strong><\/p>\n<p>Comme les deux autres fois o\u00f9 je suis venu au Festiblog je suis impatient de les rencontrer.<\/p>\n<p><strong>Parle-nous d&#39;un truc qui te plait mais qui n&#39;a rien \u00e0 voir avec la BD ?<\/strong><\/p>\n<p>L&#39;escalade. C&#39;est un sport qui m&#39;a toujours attir\u00e9, et bizarrement je ne l&#39;ai jamais pratiqu\u00e9 s\u00e9rieusement jusqu&#39;\u00e0 il y a peu. J&#39;ai enfin rencontr\u00e9 des gens qui partagent ma passion et je les salue au passage.<\/p>\n<p><strong>Quelque chose \u00e0 ajouter ?<\/strong><\/p>\n<p>Il y aura des albums \u00e0 vendre du \u00ab trentenaire, mari\u00e9, 2 enfants \u00bb sur place. C&#39;est l&#39;occasion de se faire d\u00e9dicacer autre chose qu&#39;une feuille volante. On y retrouve des notes de 2005 \u00e0 2007 et quelques in\u00e9dits. <\/div>\n<p><\/p>\n<div style=\"text-align: center;\"><a href=\"http:\/\/yannicklejeune.blogs.com\/.a\/6a00d8341c501b53ef0120a59ece3b970c-pi\" style=\"display: inline;\"><img decoding=\"async\" alt=\"Itw_doublep4\" class=\"at-xid-6a00d8341c501b53ef0120a59ece3b970c \" src=\"https:\/\/www.wedobd.com\/wp-content\/uploads\/2009\/09\/6a00d8341c501b53ef0120a59ece3b970c-500wi.jpg\" \/><\/a> <\/div>\n<\/div>\n<\/div>\n","protected":false},"excerpt":{"rendered":"<p>En provenance direct de sa Belgique natale o\u00f9 il est toujours Trentenaire, mari\u00e9, avec 2 enfants, Double P (\u00e0 qui l&#8217;on doit \u00e9galement la cr\u00e9ation de la grande cha\u00eene des blogs bd, qu&#8217;il a bien voulu nous confier d\u00e9sormais) nous revient cette ann\u00e9e.<\/p>\n","protected":false},"author":6,"featured_media":0,"comment_status":"open","ping_status":"open","sticky":false,"template":"","format":"standard","meta":{"footnotes":""},"categories":[26,47],"tags":[424],"class_list":["post-728","post","type-post","status-publish","format-standard","hentry","category-02-le-festival-de-2005-a-2013","category-03-interviews-de-blogueurs-bd","tag-double-p"],"_links":{"self":[{"href":"https:\/\/www.wedobd.com\/index.php?rest_route=\/wp\/v2\/posts\/728","targetHints":{"allow":["GET"]}}],"collection":[{"href":"https:\/\/www.wedobd.com\/index.php?rest_route=\/wp\/v2\/posts"}],"about":[{"href":"https:\/\/www.wedobd.com\/index.php?rest_route=\/wp\/v2\/types\/post"}],"author":[{"embeddable":true,"href":"https:\/\/www.wedobd.com\/index.php?rest_route=\/wp\/v2\/users\/6"}],"replies":[{"embeddable":true,"href":"https:\/\/www.wedobd.com\/index.php?rest_route=%2Fwp%2Fv2%2Fcomments&post=728"}],"version-history":[{"count":1,"href":"https:\/\/www.wedobd.com\/index.php?rest_route=\/wp\/v2\/posts\/728\/revisions"}],"predecessor-version":[{"id":4284,"href":"https:\/\/www.wedobd.com\/index.php?rest_route=\/wp\/v2\/posts\/728\/revisions\/4284"}],"wp:attachment":[{"href":"https:\/\/www.wedobd.com\/index.php?rest_route=%2Fwp%2Fv2%2Fmedia&parent=728"}],"wp:term":[{"taxonomy":"category","embeddable":true,"href":"https:\/\/www.wedobd.com\/index.php?rest_route=%2Fwp%2Fv2%2Fcategories&post=728"},{"taxonomy":"post_tag","embeddable":true,"href":"https:\/\/www.wedobd.com\/index.php?rest_route=%2Fwp%2Fv2%2Ftags&post=728"}],"curies":[{"name":"wp","href":"https:\/\/api.w.org\/{rel}","templated":true}]}}