{"id":731,"date":"2009-09-10T00:01:00","date_gmt":"2009-09-09T22:01:00","guid":{"rendered":"https:\/\/www.wedobd.com\/?p=731"},"modified":"2025-09-29T14:51:04","modified_gmt":"2025-09-29T12:51:04","slug":"interview-2009-frederic-peynet","status":"publish","type":"post","link":"https:\/\/www.wedobd.com\/?p=731","title":{"rendered":"Invit\u00e9 2009 #72 : Fr\u00e9d\u00e9ric Peynet"},"content":{"rendered":"<p>Dessinateur de la s\u00e9rie <strong>Le Feul<\/strong>, il a rejoint cette ann\u00e9e la grande communaut\u00e9 des blogueurs bd. Et nous en avons profit\u00e9 dans la foul\u00e9e pour l&#39;ajouter \u00e0 la liste des invit\u00e9s du festiblog. Pr\u00e9sentant son blog pour la premi\u00e8re fois, je vous demande d&#39;accueillir <a href=\"http:\/\/www.fpeynet.com\/blog\/\" target=\"_blank\" title=\"Fr\u00e9d\u00e9ric Peynet\">Fr\u00e9d\u00e9ric Peynet<\/a>.<\/p>\n<div style=\"text-align: center;\"><a href=\"http:\/\/yannicklejeune.blogs.com\/.a\/6a00d8341c501b53ef0120a59ab554970c-pi\" style=\"display: inline;\"><img decoding=\"async\" alt=\"Peynet_itw1\" class=\"at-xid-6a00d8341c501b53ef0120a59ab554970c \" src=\"https:\/\/www.wedobd.com\/wp-content\/uploads\/2009\/09\/6a00d8341c501b53ef0120a59ab554970c-500wi.jpg\" \/><\/a> <\/div>\n<p><strong>Qui es-tu ?<\/strong><\/p>\n<p>Fr\u00e9d\u00e9ric Peynet, 32 ans. Dessinateur de BD depuis une dizaine d&#39;ann\u00e9es et nouveau venu dans l&#39;univers des blogueurs.<\/p>\n<p><strong>Comment as-tu commenc\u00e9 \u00e0 dessiner ?<\/strong><\/p>\n<p>J&#39;ai toujours \u00e9t\u00e9 attir\u00e9 par le dessin, aussi loin que mes souvenirs peuvent remonter. Pour m&#39;endormir, plut\u00f4t que de me raconter une histoire, mon p\u00e8re approchait un tableau pr\u00e8s de mon lit et dessinait quelque chose, c&#39;\u00e9tait magique. Je pense que ma passion pour le dessin vient de l\u00e0, et m&#39;a aid\u00e9 \u00e0 trouver ma voie le long de mes \u00e9tudes.<\/p>\n<p><strong>As-tu suivi une formation ?<\/strong><\/p>\n<p>Oui, apr\u00e8s un bac litt\u00e9raire avec option Arts Plastiques, j&#39;ai fait trois ans d&#39;Arts Appliqu\u00e9s en section graphisme publicitaire. J&#39;y ai appris l&#39;anatomie, la perspective, les couleurs, l&#39;observation, la patience \u00e9galement&#8230; Bref, les bases du dessin, qui m&#39;ont pas mal aid\u00e9 pour la suite.<\/p>\n<p><strong>Peux-tu pr\u00e9senter ton blog ?<\/strong><\/p>\n<p>C&#39;est un fourre tout, mais principalement, je raconte quelques anecdotes de mon m\u00e9tier de dessinateur de BD. Je ne sais pas si c&#39;est tr\u00e8s passionnant, mais comme il semble y avoir beaucoup d&#39;id\u00e9es re\u00e7ues chez certains lecteurs, j&#39;essaye de leur faire d\u00e9couvrir comment je vois les choses de mon c\u00f4t\u00e9. Je montre \u00e9galement quelques travaux trouv\u00e9s ci et l\u00e0 dans mes vieux cartons \u00e0 dessin, ou encore des caricatures, un genre nouveau pour moi, tr\u00e8s enrichissant pour trouver des \u00ab gueules \u00bb \u00e0 mes personnages.<\/p>\n<div style=\"text-align: center;\"><a href=\"http:\/\/yannicklejeune.blogs.com\/.a\/6a00d8341c501b53ef0120a59ab79d970c-pi\" style=\"display: inline;\"><img decoding=\"async\" alt=\"Peynet_itw2\" class=\"at-xid-6a00d8341c501b53ef0120a59ab79d970c \" src=\"https:\/\/www.wedobd.com\/wp-content\/uploads\/2009\/09\/6a00d8341c501b53ef0120a59ab79d970c-500wi.jpg\" \/><\/a> <\/div>\n<p>&#0160;<\/p>\n<p><strong>Pourquoi as-tu commenc\u00e9 \u00e0 bloguer ?<\/strong><\/p>\n<p>Parce qu&#39;\u00e9tant entour\u00e9 de blogueurs, je ne comprenais rien \u00e0 leurs discussions \u00e0 propos d&#39;un boulet \u00e0 chapeau de vache nomm\u00e9 P\u00e9n\u00e9loppe-xyz !<\/p>\n<p><strong>Quel public voulais-tu rencontrer ?<\/strong><\/p>\n<p>Le public qui suit mes albums et que je n&#39;ai pas crois\u00e9 en festival. C&#39;est une occasion de me rapprocher d&#39;eux, et de pouvoir converser avec eux.<\/p>\n<p><strong>Et finalement qui sont tes lecteurs ?<\/strong><\/p>\n<p>Quelques uns de mes lecteurs, mais \u00e9galement des personnes qui ne connaissent pas mes albums, mais qui ont l&#39;air de se plaire ici puisqu&#39;elles reviennent.<\/p>\n<p><strong>Combien de temps passes-tu en moyenne sur tes notes ?<\/strong><\/p>\n<p>Je ne compte pas vraiment, car je ne les dessine pas d&#39;une seule traite. \u00c7a d\u00e9pend \u00e9galement des notes, mais pour une anecdote dessin\u00e9e , c&#39;est de l&#39;ordre de quelques heures \u00e0 plusieurs jours pour les histoires longues.<\/p>\n<p><strong>Est-ce que ce sont des dessins specialement faits pour le blog ?<\/strong><\/p>\n<p>Oui pour les anecdotes, non pour ce qui concerne mes albums.<\/p>\n<p style=\"text-align: center;\"><span style=\"text-decoration: underline;\"><a href=\"http:\/\/yannicklejeune.blogs.com\/.a\/6a00d8341c501b53ef0120a59ac41d970c-pi\" style=\"display: inline;\"><img decoding=\"async\" alt=\"Peynet_itw3\" class=\"at-xid-6a00d8341c501b53ef0120a59ac41d970c \" src=\"https:\/\/www.wedobd.com\/wp-content\/uploads\/2009\/09\/6a00d8341c501b53ef0120a59ac41d970c-500wi.jpg\" \/><\/a> <\/span>&#0160;<\/p>\n<p><strong>Avec quoi dessines-tu ?<\/strong><\/p>\n<p>Plumes, pinceaux, stylos, feutres, tout ce que j&#39;ai sous la main et qui fonctionne encore.<\/p>\n<p><strong>Quelles sont tes influences graphiques ?<\/strong><\/p>\n<p>Mes influences graphiques ne correspondent pas \u00e0 ce que je dessine sur le blog. Elles sont plus pr\u00e9sentes dans mes albums, plus r\u00e9alistes dans leur graphisme. Mes influences sont donc Rosinski, Urasawa, Vicomte, Loisel, Lepage, Inoue, Rossi ou encore Franquin&#8230;<\/p>\n<p><strong>Combien de temps passes-tu sur les blogs des autres ?<\/strong><\/p>\n<p>Par jour, j&#39;en lis deux-trois, la derni\u00e8re note g\u00e9n\u00e9ralement. Je dois avouer ne pas en conna\u00eetre beaucoup&#8230;<\/p>\n<p><strong>Quels sont ceux dont tu es fan ?<\/strong><\/p>\n<p><a href=\"http:\/\/maester.over-blog.com\/\" target=\"_blank\">Ma\u00ebster<\/a>, <a href=\"http:\/\/jasonseilerillustration.blogspot.com\/\" target=\"_blank\">Jason Seiler<\/a>, <a href=\"http:\/\/www.bulleblog.com\/\" target=\"_blank\">Thorn<\/a>, <a href=\"http:\/\/manu-xyz.blogspot.com\/\" target=\"_blank\">Manu-xyz<\/a>, <a href=\"http:\/\/martinvidberg.com\/blog\/\" target=\"_blank\">Martin Vidberg<\/a>, <a href=\"http:\/\/www.bouletcorp.com\/blog\/\">Boulet<\/a>, &#8230;<\/p>\n<p><strong>As-tu fait des rencontres gr\u00e2ce aux blogs ?<\/strong><\/p>\n<p>Des &quot;rencontres&quot; virtuelles, oui. R\u00e9elles, tr\u00e8s peu.<br \/><strong><br \/>Es-tu sensible aux commentaires ?<\/strong><\/p>\n<p>Bien s\u00fbr. C&#39;est un retour imm\u00e9diat sur un travail que l&#39;on vient juste de terminer, ce qui change des retours sur mes albums, 3 \u00e0 4 mois apr\u00e8s que j&#39;ai termin\u00e9 un travail d&#39;un an et demi. Sur les blogs, les retours sont imm\u00e9diats.<\/p>\n<p style=\"text-align: center;\"><a href=\"http:\/\/yannicklejeune.blogs.com\/.a\/6a00d8341c501b53ef0120a543ddfc970b-pi\" style=\"display: inline;\"><img decoding=\"async\" alt=\"Peynet_itw4\" class=\"at-xid-6a00d8341c501b53ef0120a543ddfc970b \" src=\"https:\/\/www.wedobd.com\/wp-content\/uploads\/2009\/09\/6a00d8341c501b53ef0120a543ddfc970b-500wi.jpg\" \/><\/a> <\/p>\n<p><strong>Pour toi, quels sont les points forts du blog et de la BD en ligne ?<\/strong><\/p>\n<p>C&#39;est accessible tout de suite, m\u00eame dans la nuit \u00e0 2h du matin.<\/p>\n<p><strong>Et les points faibles ?<\/strong><\/p>\n<p>Je ferais mieux d&#39;aller dormir \u00e0 2h du matin, non ?<\/p>\n<p><strong>Comment penses-tu que la blogosph\u00e8re BD va \u00e9voluer ?<\/strong><\/p>\n<p>Je la connais malheureusement tr\u00e8s mal pour m&#39;avancer au moindre pronostic. Les nouvelles g\u00e9n\u00e9rations arrivent, les anciennes se lassent. Parmi les tous premiers blogueurs, certains font et feront encore figure de r\u00e9f\u00e9rence. C&#39;est le reflet de la vie artistique que j&#39;\u00e9voque ici, mais qui peut ressembler peut-\u00eatre \u00e0 ce qu&#39;est la blogosph\u00e8re&#8230;<\/p>\n<p><strong>Penses-tu que les gens vont de plus en plus lire de BD en ligne ?<\/strong><\/p>\n<p>Les \u00e9diteurs de BD commencent \u00e0 s&#39;y mettre, ils jugent donc qu&#39;il y a une \u00ab niche \u00bb \u00e0 prendre, mais ils ne semblent pas trop y croire. Apr\u00e8s, je ne sais pas si ce sera le public qui lit les albums papier qui suivra cette voie ou si ce sera plut\u00f4t un nouveau public peu int\u00e9ress\u00e9 par le support du livre.<\/p>\n<p><strong>De mani\u00e8re g\u00e9n\u00e9rale, penses-tu que la BD num\u00e9rique (\u00e0 lire sur le web, sur iPhone, sur PSP&#8230;) pourrait nuire \u00e0 la BD papier ?<\/strong><\/p>\n<p>Non. Pour l&#39;instant non, car nos albums sont \u00e0 la base con\u00e7us pour le support papier, dans un format sp\u00e9cifique peu compatible avec les \u00e9crans. \u00catre oblig\u00e9 de zoomer sans cesse puis de d\u00e9placer la page pour voir la suite, ce n&#39;est pas tr\u00e8s pratique. S&#39;il fallait passer enti\u00e8rement au support num\u00e9rique, alors il faudrait probablement revoir notre fa\u00e7on d&#39;agencer les pages, leur format, passer de 9-10 cases \u00e0 2 ou 3&#8230; Bref, non, je n&#39;y crois pas en l&#39;\u00e9tat actuel des choses.<\/p>\n<p><strong>O\u00f9 peut-on voir ton travail en dehors des blogs ?<\/strong><\/p>\n<p>En librairie BD, grandes surfaces et grands magasins.<\/p>\n<p style=\"text-align: center;\"><a href=\"http:\/\/yannicklejeune.blogs.com\/.a\/6a00d8341c501b53ef0120a59ac487970c-pi\" style=\"display: inline;\n\"><img decoding=\"async\" alt=\"Peynet_itw5\" class=\"at-xid-6a00d8341c501b53ef0120a59ac487970c \" src=\"https:\/\/www.wedobd.com\/wp-content\/uploads\/2009\/09\/6a00d8341c501b53ef0120a59ac487970c-500wi.jpg\" \/><\/a> <\/p>\n<p><strong>As-tu des albums ? Peux-tu nous les pr\u00e9senter ?<\/strong><\/p>\n<p>Il y a ma s\u00e9rie Le Feul, en trois tomes, parue chez Soleil. Elle raconte l&#39;histoire de trois peuples aux coutumes et religions oppos\u00e9es, qui jusque-l\u00e0 n&#39;avaient pas r\u00e9ussi \u00e0 vivre en paix. Ils vont devoir s&#39;unir, car une terrible maladie les terrasse tous. Un groupe de leurs meilleurs \u00e9l\u00e9ments sera constitu\u00e9 et devra aller trouver l&#39;origine du Feul. Evidemment, les diff\u00e9rences entre ces individus entrainera des tensions plus ou moins importantes&#8230; C&#39;est en quelque sorte une analyse de notre propre monde \u00e0 laquelle s&#39;est livr\u00e9 Jean-Charles Gaudin, le sc\u00e9nariste de cette s\u00e9rie. J&#39;avais \u00e9galement illustr\u00e9 Toran, de la sc\u00e9nariste Isabelle Plongeon, 3 tomes parus chez feu Nucl\u00e9a. La s\u00e9rie n&#39;est plus disponible. Sinon, quelques collectifs, Les Contes du Korrigan, Gainsbourg, Polnareff, Hant\u00e9&#8230;<\/p>\n<p><strong>Qu&#39;attends-tu de ta venue au Festiblog ?<\/strong><\/p>\n<p>On m&#39;en a dit beaucoup de bien, j&#39;attends donc d&#39;y \u00eatre.<\/p>\n<p><strong>Parle-nous d&#39;un truc qui n&#39;a rien \u00e0 voir avec la BD et que tu aimes ?<\/strong><\/p>\n<p>La guitare. Ma passion. Je pourrais en parler des heures (ou en jouer, plut\u00f4t), mais comme je bassine tout le monde avec \u00e7a, je me contenterai d&#39;<a href=\"http:\/\/www.youtube.com\/watch?v=YSGbtMT5WFs\" target=\"_blank\">un petit lien pour les plus curieux<\/a>.<\/p>\n<p><strong>Un dernier mot ?<\/strong><\/p>\n<p>Smith ! (Il y a un titre de Patty Smith qui passe sur mon ordinateur juste au moment o\u00f9 je lis cette question&#8230;)<\/p>\n<p style=\"text-align: center;\"><a href=\"http:\/\/yannicklejeune.blogs.com\/.a\/6a00d8341c501b53ef0120a543de74970b-pi\" style=\"display: inline;\"><img decoding=\"async\" alt=\"Peynet_itw6\" class=\"at-xid-6a00d8341c501b53ef0120a543de74970b \" src=\"https:\/\/www.wedobd.com\/wp-content\/uploads\/2009\/09\/6a00d8341c501b53ef0120a543de74970b-500wi.jpg\" \/><\/a>  <\/p>\n","protected":false},"excerpt":{"rendered":"<p>Dessinateur de la s\u00e9rie Le Feul, il a rejoint cette ann\u00e9e la grande communaut\u00e9 des blogueurs bd. Et nous en avons profit\u00e9 dans la foul\u00e9e pour l&#8217;ajouter \u00e0 la liste des invit\u00e9s du festiblog. Pr\u00e9sentant son blog pour la premi\u00e8re fois, je vous demande d&#8217;accueillir Fr\u00e9d\u00e9ric Peynet.<\/p>\n","protected":false},"author":6,"featured_media":0,"comment_status":"open","ping_status":"open","sticky":false,"template":"","format":"standard","meta":{"footnotes":""},"categories":[26,47],"tags":[521],"class_list":["post-731","post","type-post","status-publish","format-standard","hentry","category-02-le-festival-de-2005-a-2013","category-03-interviews-de-blogueurs-bd","tag-frederic-peynet"],"_links":{"self":[{"href":"https:\/\/www.wedobd.com\/index.php?rest_route=\/wp\/v2\/posts\/731","targetHints":{"allow":["GET"]}}],"collection":[{"href":"https:\/\/www.wedobd.com\/index.php?rest_route=\/wp\/v2\/posts"}],"about":[{"href":"https:\/\/www.wedobd.com\/index.php?rest_route=\/wp\/v2\/types\/post"}],"author":[{"embeddable":true,"href":"https:\/\/www.wedobd.com\/index.php?rest_route=\/wp\/v2\/users\/6"}],"replies":[{"embeddable":true,"href":"https:\/\/www.wedobd.com\/index.php?rest_route=%2Fwp%2Fv2%2Fcomments&post=731"}],"version-history":[{"count":1,"href":"https:\/\/www.wedobd.com\/index.php?rest_route=\/wp\/v2\/posts\/731\/revisions"}],"predecessor-version":[{"id":4302,"href":"https:\/\/www.wedobd.com\/index.php?rest_route=\/wp\/v2\/posts\/731\/revisions\/4302"}],"wp:attachment":[{"href":"https:\/\/www.wedobd.com\/index.php?rest_route=%2Fwp%2Fv2%2Fmedia&parent=731"}],"wp:term":[{"taxonomy":"category","embeddable":true,"href":"https:\/\/www.wedobd.com\/index.php?rest_route=%2Fwp%2Fv2%2Fcategories&post=731"},{"taxonomy":"post_tag","embeddable":true,"href":"https:\/\/www.wedobd.com\/index.php?rest_route=%2Fwp%2Fv2%2Ftags&post=731"}],"curies":[{"name":"wp","href":"https:\/\/api.w.org\/{rel}","templated":true}]}}