{"id":742,"date":"2009-09-04T17:29:20","date_gmt":"2009-09-04T15:29:20","guid":{"rendered":"https:\/\/www.wedobd.com\/?p=742"},"modified":"2025-09-29T14:52:23","modified_gmt":"2025-09-29T12:52:23","slug":"inscription-conference-2","status":"publish","type":"post","link":"https:\/\/www.wedobd.com\/?p=742","title":{"rendered":"Inscription \u00e0 la conf\u00e9rence du vendredi 25 septembre"},"content":{"rendered":"<p><strong>Cette ann\u00e9e, le Festiblog organise la conf\u00e9rence &#8220;Bd en ligne et m\u00e9tiers de la cr\u00e9ation num\u00e9rique&#8221; gratuite et ouverte \u00e0 tous.<br \/><\/strong><\/p>\n<p><strong><a style=\"float: left;\" href=\"http:\/\/yannicklejeune.blogs.com\/.a\/6a00d8341c501b53ef0120a5486238970b-popup\" onclick=\"window.open( this.href, '_blank', 'width=640,height=480,scrollbars=no,resizable=no,toolbar=no,directories=no,location=no,menubar=no,status=no,left=0,top=0' ); return false\"><img decoding=\"async\"  class=\"at-xid-6a00d8341c501b53ef0120a5486238970b \" style=\"margin: 0px 5px 5px 0px; width: 200px;\" alt=\"E-artsup\" src=\"https:\/\/www.wedobd.com\/wp-content\/uploads\/2009\/09\/6a00d8341c501b53ef0120a5486238970b-200wi-1.png\" \/><\/a> <\/strong>Cette conf\u00e9rence aura lieu dans les locaux de notre partenaire l&#8217;\u00e9cole <a target=\"_blank\" href=\"http:\/\/www.e-artsup.net\/\">e-artsup<\/a> au 14\/16 rue Voltaire, 94270 Kremlin-Bicetre, M\u00b0 Porte d&#8217;italie. (<a target=\"_blank\" href=\"http:\/\/maps.google.fr\/maps?q=14%2F16,+rue+Voltaire+-+94270+Le+Kremlin-Bic%C3%AAtre&#038;oe=utf-8&#038;client=firefox-a&#038;ie=UTF8&#038;split=0&#038;gl=fr&#038;ei=niuhSs28EN-6jAfcqtiYDg&#038;z=16&#038;iwloc=A\">voir la Google Map<\/a>)<\/p>\n<p><a style=\"float: right;\" href=\"http:\/\/yannicklejeune.blogs.com\/.a\/6a00d8341c501b53ef0120a5793f5e970b-pi\"><img decoding=\"async\"  class=\"at-xid-6a00d8341c501b53ef0120a5793f5e970b\" alt=\"Ecrans\" title=\"Ecrans\" src=\"https:\/\/www.wedobd.com\/wp-content\/uploads\/2009\/09\/6a00d8341c501b53ef0120a5793f5e970b-800wi.gif\" style=\"margin: 0px 0px 5px 5px;\" border=\"0\" \/><\/a> Il s&#8217;agira d&#8217;une table ronde anim\u00e9e par <strong>Erwan Cario<\/strong>, r\u00e9dacteur en chef d&#8217;<a target=\"_blank\" href=\"http:\/\/www.ecrans.fr\/\">Ecrans.fr<\/a>, qui r\u00e9unira <strong><a target=\"_blank\" href=\"http:\/\/margauxmotin.typepad.fr\/\">Margaux Motin<\/a><\/strong>, <strong><a target=\"_blank\" href=\"http:\/\/www.maliki.com\/\">Maliki<\/a><\/strong>, <strong><a target=\"_blank\" href=\"http:\/\/www.bouletcorp.com\/blog\/\">Boulet<\/a><\/strong>, <strong><a target=\"_blank\" href=\"http:\/\/boubize.blogspot.com\/\">Yves Bigerel<\/a><\/strong>, <strong>Eric &#8220;<a target=\"_blank\" href=\"http:\/\/turalo2.20six.fr\/\">Turalo<\/a>&#8221; D\u00e9rian<\/strong> et <strong><a target=\"_blank\" href=\"http:\/\/wandrille.leroy.free.fr\/blog\/\">Wandrille Leroy<\/a><\/strong>.<\/p>\n<p><\/p>\n<p style=\"text-align: center;\"><a style=\"display: inline;\" href=\"http:\/\/yannicklejeune.blogs.com\/.a\/6a00d8341c501b53ef0120a59f9547970c-popup\" onclick=\"window.open( this.href, '_blank', 'width=640,height=480,scrollbars=no,resizable=no,toolbar=no,directories=no,location=no,menubar=no,status=no,left=0,top=0' ); return false\"><\/a><a style=\"display: inline;\" href=\"http:\/\/yannicklejeune.blogs.com\/.a\/6a00d8341c501b53ef0120a5640006970b-popup\" onclick=\"window.open( this.href, '_blank', 'width=640,height=480,scrollbars=no,resizable=no,toolbar=no,directories=no,location=no,menubar=no,status=no,left=0,top=0' ); return false\"><img decoding=\"async\"  class=\"at-xid-6a00d8341c501b53ef0120a5640006970b \" alt=\"Invites-conference2\" src=\"https:\/\/www.wedobd.com\/wp-content\/uploads\/2009\/09\/6a00d8341c501b53ef0120a5640006970b-500wi.jpg\" \/><\/a>  <\/p>\n<p><\/p>\n<p>Le d\u00e9bat portera sur les blogs BD, la BD<br \/>\nnum\u00e9rique, la promotion des artistes en ligne mais \u00e9galement sur les<br \/>\ncarri\u00e8res d&#8217;illustrateur, d&#8217;animateur, de sc\u00e9nariste, de dessinateur<br \/>\nde BD, etc.<\/p>\n<\/p>\n<p>La conf\u00e9rence aura lieu le <strong>vendredi 25 septembre de 17h \u00e0 19h<\/strong>.<\/p>\n<p><\/p>\n<p>Pour venir, rien de plus simple, il vous suffit de vous inscrire en remplissant le formulaire suivant :<\/p>\n<div style=\"border: 1px solid #cccccc; padding: 10px;\">\n<script type=\"text\/javascript\">var host = ((\"https:\" == document.location.protocol) ? \"https:\/\/secure.\" : \"http:\/\/\");document.write(unescape(\"%3Cscript src='\" + host + \"wufoo.com\/scripts\/embed\/form.js' type='text\/javascript'%3E%3C\/script%3E\"));<\/script><br \/>\n<script type=\"text\/javascript\">\nvar q7x2r1 = new WufooForm();\nq7x2r1.initialize({\n'userName':'ionis',\n'formHash':'q7x2r1',\n'autoResize':true,\n'height':'668',\n'ssl':true});\nq7x2r1.display();\n<\/script>\n<\/div>\n","protected":false},"excerpt":{"rendered":"<p>Cette ann\u00e9e, le Festiblog organise la conf\u00e9rence &#8220;Bd en ligne et m\u00e9tiers de la cr\u00e9ation num\u00e9rique&#8221; gratuite et ouverte \u00e0 tous. Cette conf\u00e9rence aura lieu dans les locaux de notre partenaire l&#8217;\u00e9cole e-artsup au 14\/16 rue Voltaire, 94270 Kremlin-Bicetre, M\u00b0 Porte d&#8217;italie. (voir la Google Map) Il s&#8217;agira d&#8217;une table ronde anim\u00e9e par Erwan Cario, [&hellip;]<\/p>\n","protected":false},"author":4,"featured_media":0,"comment_status":"closed","ping_status":"closed","sticky":false,"template":"","format":"standard","meta":{"footnotes":""},"categories":[1],"tags":[],"class_list":["post-742","post","type-post","status-publish","format-standard","hentry","category-non-classe"],"_links":{"self":[{"href":"https:\/\/www.wedobd.com\/index.php?rest_route=\/wp\/v2\/posts\/742","targetHints":{"allow":["GET"]}}],"collection":[{"href":"https:\/\/www.wedobd.com\/index.php?rest_route=\/wp\/v2\/posts"}],"about":[{"href":"https:\/\/www.wedobd.com\/index.php?rest_route=\/wp\/v2\/types\/post"}],"author":[{"embeddable":true,"href":"https:\/\/www.wedobd.com\/index.php?rest_route=\/wp\/v2\/users\/4"}],"replies":[{"embeddable":true,"href":"https:\/\/www.wedobd.com\/index.php?rest_route=%2Fwp%2Fv2%2Fcomments&post=742"}],"version-history":[{"count":1,"href":"https:\/\/www.wedobd.com\/index.php?rest_route=\/wp\/v2\/posts\/742\/revisions"}],"predecessor-version":[{"id":4382,"href":"https:\/\/www.wedobd.com\/index.php?rest_route=\/wp\/v2\/posts\/742\/revisions\/4382"}],"wp:attachment":[{"href":"https:\/\/www.wedobd.com\/index.php?rest_route=%2Fwp%2Fv2%2Fmedia&parent=742"}],"wp:term":[{"taxonomy":"category","embeddable":true,"href":"https:\/\/www.wedobd.com\/index.php?rest_route=%2Fwp%2Fv2%2Fcategories&post=742"},{"taxonomy":"post_tag","embeddable":true,"href":"https:\/\/www.wedobd.com\/index.php?rest_route=%2Fwp%2Fv2%2Ftags&post=742"}],"curies":[{"name":"wp","href":"https:\/\/api.w.org\/{rel}","templated":true}]}}