{"id":743,"date":"2009-09-04T00:01:00","date_gmt":"2009-09-03T22:01:00","guid":{"rendered":"https:\/\/www.wedobd.com\/?p=743"},"modified":"2025-09-29T14:52:39","modified_gmt":"2025-09-29T12:52:39","slug":"interview-2009-raphaelb","status":"publish","type":"post","link":"https:\/\/www.wedobd.com\/?p=743","title":{"rendered":"Invit\u00e9 2009 #65 : rapha\u00eblB"},"content":{"rendered":"<p>Notre 65\u00e8me invit\u00e9 est r\u00e9guli\u00e8rement pr\u00e9sent au Festiblog en tant que meneur de troupe de la communaut\u00e9 qui entoure <a href=\"http:\/\/www.officieuse.com\/\" target=\"_blank\">l&#39;Officieuse Collection<\/a> et v\u00e9t\u00e9ran de la blogosph\u00e8re BD. Apr\u00e8s une ann\u00e9e riche en production et en r\u00e9compenses, il \u00e9tait plus que l\u00e9gitime que ce talentueux (et bog\u00d4sse) blogueur fasse partie de la liste officielle des invit\u00e9s \ud83d\ude42 Voici le fils cach\u00e9 de Thomas Dutronc et Antoine de Caunes, le prince de la verticalit\u00e9, voici <a href=\"http:\/\/raphaelb.canalblog.com\/\" target=\"_blank\">rapha\u00eblB<\/a> ! <\/p>\n<p style=\"text-align: center;\"><a href=\"http:\/\/yannicklejeune.blogs.com\/.a\/6a00d8341c501b53ef0120a51419fa970b-popup\" onclick=\"window.open( this.href, &#39;_blank&#39;, &#39;width=640,height=480,scrollbars=no,resizable=no,toolbar=no,directories=no,location=no,menubar=no,status=no,left=0,top=0&#39; ); return false\" style=\"display: inline;\"><img decoding=\"async\" alt=\"RaphaelB-pour-les-nuls\" class=\"at-xid-6a00d8341c501b53ef0120a51419fa970b \" src=\"https:\/\/www.wedobd.com\/wp-content\/uploads\/2009\/09\/6a00d8341c501b53ef0120a51419fa970b-500wi.jpg\" \/><\/a>&#0160;<\/p>\n<p style=\"text-align: center;\"><a href=\"http:\/\/yannicklejeune.blogs.com\/.a\/6a00d8341c501b53ef0120a56aebb3970c-popup\" onclick=\"window.open( this.href, &#39;_blank&#39;, &#39;width=640,height=480,scrollbars=no,resizable=no,toolbar=no,directories=no,location=no,menubar=no,status=no,left=0,top=0&#39; ); return false\" style=\"display: inline;\"><img decoding=\"async\" alt=\"RaphaelB-pour-les-nuls-part2\" class=\"at-xid-6a00d8341c501b53ef0120a56aebb3970c \" src=\"https:\/\/www.wedobd.com\/wp-content\/uploads\/2009\/09\/6a00d8341c501b53ef0120a56aebb3970c-500wi.jpg\" \/><\/a> <\/p>\n<p><strong>Qui es-tu ?<\/strong><\/p>\n<p>Je suis <a href=\"http:\/\/raphaelb.canalblog.com\/\" target=\"_blank\">rapha\u00eblB<\/a>, 29 ans, dessinateur de bd, et blogueur intermittent.<\/p>\n<p><strong>Comment as-tu commenc\u00e9 \u00e0 dessiner ?<\/strong><\/p>\n<p>Quand j&#39;ai d\u00e9couvert les visuels d&#39;iron maiden.<\/p>\n<p><strong>As-tu suivi une formation ?<\/strong><\/p>\n<p>Oui, comme tout le monde : au coll\u00e8ge j&#39;avais une heure d&#39;arts plastiques hebdomadaire.<\/p>\n<p><strong>Peux-tu pr\u00e9senter ton blog ?<\/strong><\/p>\n<p>Je blogue depuis pas mal de temps, 3 ou 4 ans. Je le tiens \u00e0 jour quand j&#39;ai le temps et l&#39;envie. Le ton est humoristique, po\u00e9tique, et j&#39;utilise \u00e0 merveille le format vertical.<\/p>\n<div style=\"text-align: center;\"><a href=\"http:\/\/yannicklejeune.blogs.com\/.a\/6a00d8341c501b53ef0120a5143551970b-popup\" onclick=\"window.open( this.href, &#39;_blank&#39;, &#39;width=640,height=480,scrollbars=no,resizable=no,toolbar=no,directories=no,location=no,menubar=no,status=no,left=0,top=0&#39; ); return false\" style=\"display: inline;\"><img decoding=\"async\" alt=\"La-chute-de-spiderman-1\" class=\"at-xid-6a00d8341c501b53ef0120a5143551970b \" src=\"https:\/\/www.wedobd.com\/wp-content\/uploads\/2009\/09\/6a00d8341c501b53ef0120a5143551970b-500wi.jpg\" \/><\/a> <\/div>\n<p><strong>Pourquoi as-tu commenc\u00e9 \u00e0 bloguer ?<\/strong><\/p>\n<p>Tout au d\u00e9part, je m&#39;en servais comme d&#39;un site galerie car je cherchais des sc\u00e9naristes pour monter des projets. Les autres avantages d&#39;exister sur le web sont ensuite apparus assez rapidement.<br \/><strong><br \/>Quel public voulais-tu rencontrer ?<\/strong><\/p>\n<p>Au d\u00e9part, surtout les autres dessinateurs. Maintenant tout le monde, n&#39;importe qui.<\/p>\n<p><strong>Et finalement qui sont tes lecteurs ?<\/strong><\/p>\n<p>Au d\u00e9part, surtout les autres dessinateurs. Maintenant tout le monde, n&#39;importe qui.<\/p>\n<p><strong>Combien de temps passes-tu en moyenne sur tes notes ?<\/strong><\/p>\n<p>De 1h \u00e0 4h.<br \/><strong><br \/>Est-ce que ce sont des dessins sp\u00e9cialement faits pour le blog ?<\/strong><\/p>\n<p>Oui, sauf les making-of dans lesquels je pr\u00e9sente mes planches d&#39;album en travaux.<\/p>\n<div style=\"text-align: center;\"><a href=\"http:\/\/yannicklejeune.blogs.com\/.a\/6a00d8341c501b53ef0120a56b08a8970c-popup\" onclick=\"window.open( this.href, &#39;_blank&#39;, &#39;width=640,height=480,scrollbars=no,resizable=no,toolbar=no,directories=no,location=no,menubar=no,status=no,left=0,top=0&#39; ); return false\" style=\"display: inline;\"><img decoding=\"async\" alt=\"Illus1\" class=\"at-xid-6a00d8341c501b53ef0120a56b08a8970c \" src=\"https:\/\/www.wedobd.com\/wp-content\/uploads\/2009\/09\/6a00d8341c501b53ef0120a56b08a8970c-500wi.jpg\" \/><\/a> <\/div>\n<p><strong>Avec quoi dessines-tu ?<\/strong><\/p>\n<p>Crit\u00e9rium et palette-tablette-wacom graphique pour le blog. Staedler 0.005 et 0.1 pour l&#39;encrage des planches album.<\/p>\n<p><strong>Quelles sont tes influences graphiques ?<\/strong><\/p>\n<p>Je cite p\u00eale-m\u00eale auteurs et \u0153uvres : tintin, akira, dragon ball, gunnm, gipi, tardi, springer, boulet, maximilien leroy, l&#39;esbroufe, salanville, merwan et viv\u00e8s.<\/p>\n<p><strong>Combien de temps passes-tu sur les blogs des autres ?<\/strong><\/p>\n<p>\u00c7a d\u00e9pend des mises \u00e0 jour de chacun. Je suis les RSS d&#39;au moins une centaine de blogs bd.<\/p>\n<p><strong>Quels sont ceux dont tu es fan ?<\/strong><\/p>\n<p>Rapport qualit\u00e9 &#8211; fr\u00e9quence de mise \u00e0 jour : <a href=\"http:\/\/www.bouletcorp.com\/blog\/\" target=\"_blank\">boulet<\/a>, <a href=\"http:\/\/bastienvives.blogspot.com\/\" target=\"_blank\">viv\u00e8s<\/a>, <a href=\"http:\/\/www.penelope-jolicoeur.com\/\" target=\"_blank\">p\u00e9n\u00e9lope<\/a>, <a href=\"http:\/\/sucresucre.com\/\" target=\"_blank\">sucre<\/a> et <a href=\"http:\/\/ultimex.over-blog.com\/\" target=\"_blank\">ultimex<\/a>. Comme certains de mes vieux coll\u00e8gues je regrette les belles heures de <a href=\"http:\/\/www.blogdamned.com\/\" target=\"_blank\">damned<\/a>, <a href=\"http:\/\/www.loicsecheresse.com\/blog\/\" target=\"_blank\">loic secheresse<\/a>, <a href=\"http:\/\/blog.wopah.com\/\" target=\"_blank\">ak<\/a>, <a href=\"http:\/\/raphvdd.free.fr\/laroute\/laroute.php\" target=\"_blank\">rvdd<\/a>, <a href=\"http:\/\/obion.fr\/\" target=\"_blank\">obion<\/a>&#8230;<\/p>\n<p><strong>As-tu fait des rencontres gr\u00e2ce aux blogs ?<\/strong><\/p>\n<p>Holala ! Plus ou moins directement mes potes, mes coll\u00e8gues, ma copine, mon \u00e9diteur, mes voisins&#8230;95% de mon entourage actuel ! \u00c9norme ! Sensationnel !<\/p>\n<div style=\"text-align: center;\"><a href=\"http:\/\/yannicklejeune.blogs.com\/.a\/6a00d8341c501b53ef0120a5143647970b-popup\" onclick=\"window.open( this.href, &#39;_blank&#39;, &#39;width=640,height=480,scrollbars=no,resizable=no,toolbar=no,directories=no,location=no,menubar=no,status=no,left=0,top=0&#39; ); return false\" style=\"display: inline;\"><img decoding=\"async\" alt=\"Le-voyageur1\" class=\"at-xid-6a00d8341c501b53ef0120a5143647970b \" src=\"https:\/\/www.wedobd.com\/wp-content\/uploads\/2009\/09\/6a00d8341c501b53ef0120a5143647970b-500wi.jpg\" \/><\/a> <\/div>\n<p><strong><br \/>Es-tu sensible aux commentaires ?<\/strong><\/p>\n<p>Un commentaire pertinent ou rigolo fait toujours plaisir.<\/p>\n<p><strong>Pour toi, quels sont les points forts du blog et de la BD en ligne ?<\/strong><\/p>\n<p>On peut les lire au travail, c&#39;est gratos et \u00e7a ne prend pas de place.<br \/><strong><br \/>Et les points faibles ?<\/strong><\/p>\n<p>Comme pour l&#39;\u00e9dition papier, on n&#39;\u00e9chappe pas au gros engouements de masse pas toujours justifi\u00e9s. On se compose aussi assez facilement une &quot;cour&quot; acquise d&#39;avance. Quand on a 50 commentaires quelle que soit la qualit\u00e9 de la note publi\u00e9e, on peut s&#39;endormir rapidement sur ses modestes lauriers.<\/p>\n<p><strong>Comment penses-tu que la blogosph\u00e8re BD va \u00e9voluer ?<\/strong><\/p>\n<p>Elle grandit de mani\u00e8re exponentielle. Elle va devenir plus complexe, plus fragment\u00e9e, mais restera la m\u00eame : avec ses stars, ses wannabes, ses \u00e9ternels losers, ses g\u00e9nies inconnus, et ses gros nazes. Je crois qu&#39;elles se professionnalisera de plus en plus (on peut gagner sa vie en tenant un blog bd) et que cette manne financi\u00e8re potentielle va influencer sur la qualit\u00e9 (en bien ou en mal) des productions.<\/p>\n<div style=\"text-align: center;\"><a href=\"http:\/\/yannicklejeune.blogs.com\/.a\/6a00d8341c501b53ef0120a51436c0970b-popup\" onclick=\"window.open( this.href, &#39;_blank&#39;, &#39;width=640,height=480,scrollbars=no,resizable=no,toolbar=no,directories=no,location=no,menubar=no,status=no,left=0,top=0&#39; ); return false\" style=\"display: inline;\"><img decoding=\"async\" alt=\"Newplongee1\" class=\"at-xid-6a00d8341c501b53ef0120a51436c0970b \" src=\"https:\/\/www.wedobd.com\/wp-content\/uploads\/2009\/09\/6a00d8341c501b53ef0120a51436c0970b-500wi.jpg\" \/><\/a> <\/div>\n<p><strong>Penses-tu que les gens vont de plus en plus lire de BD en ligne ?<\/strong><\/p>\n<p>De plus en plus de gens ont acc\u00e8s au net chez eux ou au boulot, donc fatalement oui.<\/p>\n<p><strong>De mani\u00e8re g\u00e9n\u00e9rale, penses-tu que la BD num\u00e9rique (\u00e0 lire sur le web, sur iPhone, sur PSP&#8230;) pourrait nuire \u00e0 la BD papier ?<\/strong><\/p>\n<p>Pour l&#39;utilisation &quot;nomade&quot; c&#39;est possible. J&#39;imagine tr\u00e8s bien les gens lire massivement des trucs sur leur portable dans le m\u00e9tro ou dans le train. Je vois dans l&#39;imm\u00e9diat plus de possibilit\u00e9s dans une exploitation commerciale de la bd sur psp, iphone, et t\u00e9l\u00e9phone portable que sur le web domestique sur gros ordi \u00e0 papa. Les gens qui bossent le cul devant un bureau sont une cible potentielle \u00e9galement pour la bd num\u00e9rique. Mais ce n&#39;est pas de la concurrence \u00e0 proprement parler, car on ne lit pas de bd papier \u00e0 son bureau, en g\u00e9n\u00e9ral. Il faut penser aussi que ce public n&#39;est pas franchement pr\u00eat \u00e0 payer pour lire des trucs rapidement. Il faut d&#39;ailleurs \u00e9galement voir comment la g\u00e9n\u00e9ration qui prend l&#39;habitude de lire du scan de manga \u00e9volue. Est-ce que cette forme de piratage va se d\u00e9velopper, va-t-elle cr\u00e9\u00e9 des cyber-lecteurs (pr\u00eats \u00e0 acheter en ligne ou non), that&#39;s the question.<br \/><strong><br \/><a href=\"http:\/\/yannicklejeune.blogs.com\/.a\/6a00d8341c501b53ef0120a51430d1970b-popup\" onclick=\"window.open( this.href, &#39;_blank&#39;, &#39;width=640,height=480,scrollbars=no,resizable=no,toolbar=no,directories=no,location=no,menubar=no,status=no,left=0,top=0&#39; ); return false\" style=\"float: right;\"><img decoding=\"async\" alt=\"Ma-vie-de-zombie-couv\" class=\"at-xid-6a00d8341c501b53ef0120a51430d1970b \" src=\"https:\/\/www.wedobd.com\/wp-content\/uploads\/2009\/09\/6a00d8341c501b53ef0120a51430d1970b-200wi.jpg\" style=\"margin: 0px 0px 5px 5px; width: 200px;\" \/><\/a> O\u00f9 peut-on voir ton travail en dehors des blogs ?<\/strong><\/p>\n<p>J&#39;ai sorti un album chez Ankama, &quot;<a href=\"http:\/\/www.ankama-shop.com\/fr\/h8-livres\/127-ma-vie-zombie-tome-1\" target=\"_blank\">ma vie de zombie<\/a>&quot;. Je sortirai un second album, &quot;avec les morts&quot; d\u00e9but d\u00e9cembre, toujours chez Ankama. Puis quelque chose chez le lombard pour l&#39;ann\u00e9e prochaine. J&#39;aimerais bien caler un petit projet ind\u00e9 entre tout \u00e7a, mais ce n&#39;est qu&#39;une envie pour le moment.<\/p>\n<p><strong>As-tu des albums ? Peux-tu nous les pr\u00e9senter ?<\/strong><\/p>\n<p>Je peux parler de mon second tome qui para\u00eetra en d\u00e9cembre ? Juste pour dire qu&#39;il sera vraiment meilleur que le tome 1, tant pour le sc\u00e9nario que les dessins.<\/p>\n<p><strong>Qu&#39;attends-tu de ta venue au Festiblog ?<\/strong><\/p>\n<p>J&#39;esp\u00e8re \u00eatre encore le plus beau des BD blogueurs. Mes amis ne manquent en effet jamais de me rappeler que, outre l&#39;utilisation r\u00e9volutionnaire du format vertical et de la singuli\u00e8re po\u00e9sie pr\u00e9c\u00e9demment cit\u00e9es, mon physique avantageux et ma plastique sensuelle sont les raisons pr\u00e9dominantes de mon immense succ\u00e8s.<br \/><strong><br \/>Parle-nous d&#39;un truc qui n&#39;a rien \u00e0 voir avec la BD et que tu aimes ?<\/strong><\/p>\n<p>Cet \u00e9t\u00e9 je suis all\u00e9 marcher dans les alpes. Sur une cr\u00eate, j&#39;ai vu un bouquetin belliqueux qui sautait pour nous faire peur. On \u00e9tait au dessus des nuages, le mont blanc apparaissait par intermittence. C&#39;\u00e9tait bien.<br \/><strong><br \/>Un dernier mot ?<\/strong><\/p>\n<p>Pertinence. <\/p>\n<p style=\"text-align: center;\"><a href=\"http:\/\/yannicklejeune.blogs.com\/.a\/6a00d8341c501b53ef0120a56b09f8970c-popup\" onclick=\"window.open( this.href, &#39;_blank&#39;, &#39;width=640,height=480,scrollbars=no,resizable=no,toolbar=no,directories=no,location=no,menubar=no,status=no,left=0,top=0&#39; ); return false\" style=\"display: inline;\"><img decoding=\"async\" alt=\"La-chute-de-spiderman-2\" class=\"at-xid-6a00d8341c501b53ef0120a56b09f8970c \" src=\"https:\/\/www.wedobd.com\/wp-content\/uploads\/2009\/09\/6a00d8341c501b53ef0120a56b09f8970c-500wi-scaled.jpg\" \/><\/a> <\/p>\n","protected":false},"excerpt":{"rendered":"<p>Notre 65\u00e8me invit\u00e9 est r\u00e9guli\u00e8rement pr\u00e9sent au Festiblog en tant que meneur de troupe de la communaut\u00e9 qui entoure l&#8217;Officieuse Collection et v\u00e9t\u00e9ran de la blogosph\u00e8re BD. Apr\u00e8s une ann\u00e9e riche en production et en r\u00e9compenses, il \u00e9tait plus que l\u00e9gitime que ce talentueux (et bog\u00d4sse) blogueur fasse partie de la liste officielle des invit\u00e9s \ud83d\ude42 Voici le fils cach\u00e9 de Thomas Dutronc et Antoine de Caunes, le prince de la verticalit\u00e9, voici rapha\u00eblB !<\/p>\n","protected":false},"author":4,"featured_media":0,"comment_status":"open","ping_status":"open","sticky":false,"template":"","format":"standard","meta":{"footnotes":""},"categories":[26,47],"tags":[534],"class_list":["post-743","post","type-post","status-publish","format-standard","hentry","category-02-le-festival-de-2005-a-2013","category-03-interviews-de-blogueurs-bd","tag-raphaelb"],"_links":{"self":[{"href":"https:\/\/www.wedobd.com\/index.php?rest_route=\/wp\/v2\/posts\/743","targetHints":{"allow":["GET"]}}],"collection":[{"href":"https:\/\/www.wedobd.com\/index.php?rest_route=\/wp\/v2\/posts"}],"about":[{"href":"https:\/\/www.wedobd.com\/index.php?rest_route=\/wp\/v2\/types\/post"}],"author":[{"embeddable":true,"href":"https:\/\/www.wedobd.com\/index.php?rest_route=\/wp\/v2\/users\/4"}],"replies":[{"embeddable":true,"href":"https:\/\/www.wedobd.com\/index.php?rest_route=%2Fwp%2Fv2%2Fcomments&post=743"}],"version-history":[{"count":1,"href":"https:\/\/www.wedobd.com\/index.php?rest_route=\/wp\/v2\/posts\/743\/revisions"}],"predecessor-version":[{"id":4391,"href":"https:\/\/www.wedobd.com\/index.php?rest_route=\/wp\/v2\/posts\/743\/revisions\/4391"}],"wp:attachment":[{"href":"https:\/\/www.wedobd.com\/index.php?rest_route=%2Fwp%2Fv2%2Fmedia&parent=743"}],"wp:term":[{"taxonomy":"category","embeddable":true,"href":"https:\/\/www.wedobd.com\/index.php?rest_route=%2Fwp%2Fv2%2Fcategories&post=743"},{"taxonomy":"post_tag","embeddable":true,"href":"https:\/\/www.wedobd.com\/index.php?rest_route=%2Fwp%2Fv2%2Ftags&post=743"}],"curies":[{"name":"wp","href":"https:\/\/api.w.org\/{rel}","templated":true}]}}