{"id":744,"date":"2009-09-03T00:01:00","date_gmt":"2009-09-02T22:01:00","guid":{"rendered":"https:\/\/www.wedobd.com\/?p=744"},"modified":"2025-09-29T14:52:43","modified_gmt":"2025-09-29T12:52:43","slug":"interview-2009-thomas-mathieu","status":"publish","type":"post","link":"https:\/\/www.wedobd.com\/?p=744","title":{"rendered":"Invit\u00e9 2009 #65 : Thomas Mathieu"},"content":{"rendered":"<p>Anciennement connu sous le pseudonyme de Sadr, il viendra faire ses premi\u00e8res d\u00e9dicaces en tant qu&#39;invit\u00e9 officiel au Festiblog cette ann\u00e9e. Notre 65\u00e8me invit\u00e9 est donc <a href=\"http:\/\/www.thomasmathieu.com\" target=\"_blank\">Thomas Mathieu<\/a> qui a choisi de r\u00e9pondre \u00e0 son interview int\u00e9gralement en BD !<\/p>\n<p style=\"text-align: center;\"><a href=\"http:\/\/yannicklejeune.blogs.com\/.a\/6a00d8341c501b53ef0120a5140ffe970b-popup\" onclick=\"window.open( this.href, &#39;_blank&#39;, &#39;width=640,height=480,scrollbars=no,resizable=no,toolbar=no,directories=no,location=no,menubar=no,status=no,left=0,top=0&#39; ); return false\" style=\"display: inline;\"><img decoding=\"async\" alt=\"Itwfestiblog1\" class=\"at-xid-6a00d8341c501b53ef0120a5140ffe970b \" src=\"https:\/\/www.wedobd.com\/wp-content\/uploads\/2009\/09\/6a00d8341c501b53ef0120a5140ffe970b-500wi.gif\" \/><\/a>&#0160;<\/p>\n<p style=\"text-align: center;\"><a href=\"http:\/\/yannicklejeune.blogs.com\/.a\/6a00d8341c501b53ef0120a5141034970b-popup\" onclick=\"window.open( this.href, &#39;_blank&#39;, &#39;width=640,height=480,scrollbars=no,resizable=no,toolbar=no,directories=no,location=no,menubar=no,status=no,left=0,top=0&#39; ); return false\" style=\"display: inline;\"><img decoding=\"async\" alt=\"Itwfestiblog2\" class=\"at-xid-6a00d8341c501b53ef0120a5141034970b \" src=\"https:\/\/www.wedobd.com\/wp-content\/uploads\/2009\/09\/6a00d8341c501b53ef0120a5141034970b-500wi.gif\" \/><\/a>&#0160;<\/p>\n<p style=\"text-align: center;\"><a href=\"http:\/\/yannicklejeune.blogs.com\/.a\/6a00d8341c501b53ef0120a56ae333970c-popup\" onclick=\"window.open( this.href, &#39;_blank&#39;, &#39;width=640,height=480,scrollbars=no,resizable=no,toolbar=no,directories=no,location=no,menubar=no,status=no,left=0,top=0&#39; ); return false\" style=\"display: inline;\"><img decoding=\"async\" alt=\"Itwfestiblog3\" class=\"at-xid-6a00d8341c501b53ef0120a56ae333970c \" src=\"https:\/\/www.wedobd.com\/wp-content\/uploads\/2009\/09\/6a00d8341c501b53ef0120a56ae333970c-500wi-scaled.gif\" \/><\/a> <\/p>\n","protected":false},"excerpt":{"rendered":"<p>Anciennement connu sous le pseudonyme de Sadr, il viendra faire ses premi\u00e8res d\u00e9dicaces en tant qu&#8217;invit\u00e9 officiel au Festiblog cette ann\u00e9e. Notre 65\u00e8me invit\u00e9 est donc Thomas Mathieu qui a choisi de r\u00e9pondre \u00e0 son interview int\u00e9gralement en BD !<\/p>\n","protected":false},"author":4,"featured_media":0,"comment_status":"open","ping_status":"open","sticky":false,"template":"","format":"standard","meta":{"footnotes":""},"categories":[26,47],"tags":[420,126],"class_list":["post-744","post","type-post","status-publish","format-standard","hentry","category-02-le-festival-de-2005-a-2013","category-03-interviews-de-blogueurs-bd","tag-sadr","tag-thomas-mathieu"],"_links":{"self":[{"href":"https:\/\/www.wedobd.com\/index.php?rest_route=\/wp\/v2\/posts\/744","targetHints":{"allow":["GET"]}}],"collection":[{"href":"https:\/\/www.wedobd.com\/index.php?rest_route=\/wp\/v2\/posts"}],"about":[{"href":"https:\/\/www.wedobd.com\/index.php?rest_route=\/wp\/v2\/types\/post"}],"author":[{"embeddable":true,"href":"https:\/\/www.wedobd.com\/index.php?rest_route=\/wp\/v2\/users\/4"}],"replies":[{"embeddable":true,"href":"https:\/\/www.wedobd.com\/index.php?rest_route=%2Fwp%2Fv2%2Fcomments&post=744"}],"version-history":[{"count":1,"href":"https:\/\/www.wedobd.com\/index.php?rest_route=\/wp\/v2\/posts\/744\/revisions"}],"predecessor-version":[{"id":4395,"href":"https:\/\/www.wedobd.com\/index.php?rest_route=\/wp\/v2\/posts\/744\/revisions\/4395"}],"wp:attachment":[{"href":"https:\/\/www.wedobd.com\/index.php?rest_route=%2Fwp%2Fv2%2Fmedia&parent=744"}],"wp:term":[{"taxonomy":"category","embeddable":true,"href":"https:\/\/www.wedobd.com\/index.php?rest_route=%2Fwp%2Fv2%2Fcategories&post=744"},{"taxonomy":"post_tag","embeddable":true,"href":"https:\/\/www.wedobd.com\/index.php?rest_route=%2Fwp%2Fv2%2Ftags&post=744"}],"curies":[{"name":"wp","href":"https:\/\/api.w.org\/{rel}","templated":true}]}}