{"id":77,"date":"2013-09-23T14:50:26","date_gmt":"2013-09-23T12:50:26","guid":{"rendered":"https:\/\/www.wedobd.com\/?p=77"},"modified":"2025-09-29T14:17:04","modified_gmt":"2025-09-29T12:17:04","slug":"programme-2013","status":"publish","type":"post","link":"https:\/\/www.wedobd.com\/?p=77","title":{"rendered":"Le programme 2013"},"content":{"rendered":"<p><a class=\"asset-img-link\" href=\"http:\/\/yannicklejeune.blogs.com\/.a\/6a00d8341c501b53ef019aff8e874a970b-popup\" onclick=\"window.open( this.href, &#39;_blank&#39;, &#39;width=640,height=480,scrollbars=no,resizable=no,toolbar=no,directories=no,location=no,menubar=no,status=no,left=0,top=0&#39; ); return false\" style=\"display: inline;\"><img decoding=\"async\" alt=\"Logos\" class=\"asset  asset-image at-xid-6a00d8341c501b53ef019aff8e874a970b\" src=\"https:\/\/www.wedobd.com\/wp-content\/uploads\/2013\/09\/6a00d8341c501b53ef019aff8e874a970b-580wi.jpg\" style=\"width: 560px;\" title=\"Logos\" \/><\/a><br \/>A l&#39;approche du Festival, il est temps de vous donner&#0160;<strong>la liste compl\u00e8te des invit\u00e9s<\/strong>, ainsi qu&#39;un&#0160;<strong>planning pr\u00e9visionnel<\/strong>&#0160;des d\u00e9dicaces et des \u00e9v\u00e9nements afin que vous puissiez vous organiser.<\/p>\n<p>Pour des raisons \u00e9videntes nous pr\u00e9cisons que&#0160;<strong>ce planning peut \u00eatre amen\u00e9 \u00e0 se compl\u00e9ter ou \u00e0 changer<\/strong>&#0160;l\u00e9g\u00e8rement dans les jours qui viennent.&#0160;<\/p>\n<p>&#0160;<\/p>\n<p style=\"text-align: center;\"><span style=\"font-size: 18pt;\"><strong><a href=\"http:\/\/www.festival-blogs-bd.com\/programme\/planning-2013-V4.pdf\" target=\"_blank\">T\u00e9l\u00e9charger le programme 2013<\/a><\/strong><\/span><\/p>\n<p style=\"text-align: center;\">&#0160;<\/p>\n<p style=\"text-align: center;\"><span style=\"font-size: 18pt;\"><strong><iframe loading=\"lazy\" frameborder=\"0\" height=\"400\" marginheight=\"0\" marginwidth=\"0\" scrolling=\"no\" src=\"http:\/\/www.slideshare.net\/slideshow\/embed_code\/26454323\" width=\"476\"><\/iframe>&#0160;<br \/><\/strong><\/span><\/p>\n<p>&#0160;<\/p>\n<p>Comme chaque ann\u00e9e nous aurons 4 tentes de d\u00e9dicaces officielles avec 3 cr\u00e9neaux : 11h-13h, 13h-16h et 16h-19h.<\/p>\n<p>&#0160;<\/p>\n<p style=\"text-align: center;\"><a href=\"http:\/\/yannicklejeune.blogs.com\/.a\/6a00d8341c501b53ef017ee3aa5dd0970d-popup\"><img decoding=\"async\" alt=\"309258_10150328086853857_490678333_n\" src=\"https:\/\/www.wedobd.com\/wp-content\/uploads\/2013\/09\/6a00d8341c501b53ef017ee3aa5dd0970d-450wi.jpg\" title=\"309258_10150328086853857_490678333_n\" \/><\/a><\/p>\n<p>&#0160;<\/p>\n<p>La tente&#0160;<strong><a href=\"http:\/\/30joursdebd.com\/\" target=\"_blank\">30 jours de BD<\/a>&#0160;<\/strong>sera pr\u00e9sente comme chaque ann\u00e9e rassemblant la fine fleur de leur communaut\u00e9.<\/p>\n<p>Pour la premi\u00e8re fois, nous aurons <strong>2 tentes communaut\u00e9s<\/strong> en simultan\u00e9 afin de donner plus de visiblit\u00e9 \u00e0 ces viviers de talents et pouvoir inviter de nouveaux auteurs. Nous accueillerons pour la premi\u00e8re fois <a href=\"http:\/\/www.amilova.com\/\" target=\"_blank\">Amilova<\/a>, <a href=\"http:\/\/www.delitoon.com\/\" target=\"_blank\">Delitoon<\/a>, <a href=\"http:\/\/onirik-arts.com\/\" target=\"_blank\">Onirik-arts<\/a>, les auteurs de <a href=\"https:\/\/www.facebook.com\/pages\/Papier\/589371001109378\" target=\"_blank\">Papier<\/a>&#0160;et le collectif <a href=\"https:\/\/www.facebook.com\/3L1Cgalerie\" target=\"_blank\">3L1C<\/a>&#0160;et vous pourrez \u00e9galement retrouvez nos fid\u00e8les communaut\u00e9s <a href=\"http:\/\/fanzineanachronique.blogspot.fr\/\" target=\"_blank\">Anachronique<\/a>, <a href=\"http:\/\/stripscience.cafe-sciences.org\/\" target=\"_blank\">Strip Science<\/a>, <a href=\"http:\/\/kazoum.com\/\" target=\"_blank\">Kazoum<\/a>, <a href=\"http:\/\/www.lapin.org\/\" target=\"_blank\">Lapin<\/a>, <a href=\"http:\/\/rien-a-voir.over-blog.fr\/\" target=\"_blank\">RAV<\/a>, <a href=\"http:\/\/www.webcomics.fr\/\" target=\"_blank\">Webcomics.fr<\/a>, <a href=\"http:\/\/www.projet17mai.com\/\" target=\"_blank\">le Projet 17 mai<\/a> et <a href=\"http:\/\/www.warum.fr\/\" target=\"_blank\">Warum<\/a>.&#0160;<\/p>\n<p>&#0160;<\/p>\n<p style=\"text-align: center;\"><a href=\"http:\/\/yannicklejeune.blogs.com\/.a\/6a00d8341c501b53ef017ee3aa5dd0970d-popup\"><br \/><\/a><a href=\"http:\/\/yannicklejeune.blogs.com\/.a\/6a00d8341c501b53ef017ee3a83d65970d-popup\"><img decoding=\"async\" alt=\"Lapin\" src=\"https:\/\/www.wedobd.com\/wp-content\/uploads\/2013\/09\/6a00d8341c501b53ef017ee3a83d65970d-450wi.jpg\" title=\"Lapin\" \/><\/a><\/p>\n<p>&#0160;<\/p>\n<p><a href=\"http:\/\/yannicklejeune.blogs.com\/.a\/6a00d8341c501b53ef017d3c3259af970c-popup\"><img decoding=\"async\" alt=\"Logo-espritbd\" border=\"0\" src=\"https:\/\/www.wedobd.com\/wp-content\/uploads\/2013\/09\/6a00d8341c501b53ef017d3c3259af970c-800wi.jpg\" style=\"display: block; margin-left: auto; margin-right: auto;\" title=\"Logo-espritbd\" \/><\/a><\/p>\n<p>Cette ann\u00e9e encore vous pourrez retrouver&#0160;<strong>la tente&#0160;<a href=\"http:\/\/espritbd.fr\" target=\"_blank\">EspritBD<\/a><\/strong>&#0160;qui h\u00e9bergera les d\u00e9dicaces et pr\u00e9sentations des Revues Num\u00e9riques : <a href=\"http:\/\/www.mauvaisesprit.com\/\" target=\"_blank\">Mauvais Esprit<\/a>, <a href=\"http:\/\/www.professeurcyclope.fr\/\" target=\"_blank\">Professeur Cyclope<\/a> et <a href=\"http:\/\/www.larevuedessinee.fr\/\" target=\"_blank\">La Revue Dessin\u00e9e<\/a>.&#0160;Vous pourrez \u00e9galement assister \u00e0 des pr\u00e9sentations de la plateforme Esprit BD, des applications IPhone \/ IPad, au lancement du concours Digiteam avec Fabien Vehlmann et d\u00e9couvrir le logiciel de cr\u00e9ation de BD num\u00e9rique Comic Composer.<\/p>\n<p><strong><a href=\"http:\/\/blog.espritbd.fr\/espritbd-festiblog-2013\" target=\"_blank\">D\u00e9couvrir tout le programme EspritBD au Festiblog<\/a><\/strong><\/p>\n<p><strong><a href=\"http:\/\/yannicklejeune.blogs.com\/.a\/6a00d8341c501b53ef019aff8e9848970b-popup\"><img decoding=\"async\" alt=\"Logos2\" src=\"https:\/\/www.wedobd.com\/wp-content\/uploads\/2013\/09\/6a00d8341c501b53ef019aff8e9848970b-580wi.jpg\" title=\"Logos2\" \/><\/a><\/strong><\/p>\n<p>Et ce n&#39;est pas tout, comme l&#39;ann\u00e9e derni\u00e8re nous aurons une <strong>tente Multimedia<\/strong> o\u00f9 se d\u00e9rouleront des conf\u00e9rences, des concours et les Master Classes, d\u00e9monstrations de cr\u00e9ation num\u00e9rique en live projet\u00e9es sur grand \u00e9cran.<\/p>\n<p><strong> <br \/><\/strong><\/p>\n<p>&#0160;<\/p>\n<p><a href=\"http:\/\/yannicklejeune.blogs.com\/.a\/6a00d8341c501b53ef017d3c32826e970c-popup\"><img decoding=\"async\" alt=\"Balak-masterclasse\" src=\"https:\/\/www.wedobd.com\/wp-content\/uploads\/2013\/09\/6a00d8341c501b53ef017d3c32826e970c-450wi.jpg\" style=\"display: block; margin-left: auto; margin-right: auto;\" title=\"Balak-masterclasse\" \/><\/a><\/p>\n<p><strong>Le samedi de 10h \u00e0 13h :<\/strong>&#0160;le collectif <a href=\"http:\/\/rien-a-voir.over-blog.fr\/\" target=\"_blank\">RAV<\/a>&#0160;avec le soutien de&#0160;<a href=\"http:\/\/www.rougier-ple-paris3.fr\/\" target=\"_blank\">Rougier &amp; Pl\u00e9<\/a>&#0160;viendra accompagner une visite du Carreau du Temple pour les plus jeunes. Cette visite se suivra d&#39;un atelier&#0160;\u00e0 la&#0160;<a href=\"http:\/\/www.facebook.com\/marguerite.audoux\" target=\"_blank\">biblioth\u00e8que Marguerite Audoux<\/a>&#0160;\u00e0 c\u00f4t\u00e9 du Festiblog (inscription gratuite au 01 44 78 55 20)&#0160;pour faire d\u00e9couvrir l&#39;art du croquis et de la BD sur fond de d\u00e9couverte historique.&#0160;<\/p>\n<p style=\"text-align: center;\"><strong><br \/> <a class=\"asset-img-link\" href=\"http:\/\/yannicklejeune.blogs.com\/.a\/6a00d8341c501b53ef019aff8ea12a970b-popup\" onclick=\"window.open( this.href, &#39;_blank&#39;, &#39;width=640,height=480,scrollbars=no,resizable=no,toolbar=no,directories=no,location=no,menubar=no,status=no,left=0,top=0&#39; ); return false\" style=\"display: inline;\"><img decoding=\"async\" alt=\"Logos3\" class=\"asset  asset-image at-xid-6a00d8341c501b53ef019aff8ea12a970b\" src=\"https:\/\/www.wedobd.com\/wp-content\/uploads\/2013\/09\/6a00d8341c501b53ef019aff8ea12a970b-580wi.jpg\" style=\"width: 560px;\" title=\"Logos3\" \/><\/a><\/p>\n<p><\/strong><\/p>\n<p>&#0160;<\/p>\n<p><strong>La tente &quot;jeux&quot; sera \u00e0 nouveau pr\u00e9sente cette ann\u00e9e :<\/strong><\/p>\n<p><strong>De 14h \u00e0 16h :<\/strong>&#0160;Jeu collaboratif entre auteurs et visiteurs (on vous en parle bient\u00f4t).<\/p>\n<p><strong>Le reste de la journ\u00e9e :<\/strong>&#0160;D\u00e9monstrations de jeux de cartes et de soci\u00e9t\u00e9 avec leurs cr\u00e9ateurs.<\/p>\n<p>&#0160;<\/p>\n<p><a href=\"http:\/\/yannicklejeune.blogs.com\/.a\/6a00d8341c501b53ef017c320420ec970b-popup\"><img decoding=\"async\" alt=\"Jeux-cartes\" src=\"https:\/\/www.wedobd.com\/wp-content\/uploads\/2013\/09\/6a00d8341c501b53ef017c320420ec970b-450wi.jpg\" title=\"Jeux-cartes\" \/><\/a><\/p>\n<p>&#0160;<\/p>\n<p><strong>FESTIFIGHT CLUB BD<\/strong><a href=\"http:\/\/reblog.zemanta.com\/zemified\/8ca58d67-0ebf-466d-aaa6-c9e28b3c3f08\/\" title=\"Zemified by Zemanta\"><img decoding=\"async\" alt=\"Reblog this post [with Zemanta]\" src=\"http:\/\/img.zemanta.com\/reblog_e.png?x-id=8ca58d67-0ebf-466d-aaa6-c9e28b3c3f08\" \/><\/a><\/p>\n<p><strong>Comme chaque ann\u00e9e, nous organiserons le Festifight Club BD l&#39;apr\u00e8s-midi le SAMEDI et le DIMANCHE avec les auteurs pr\u00e9sents et le public !<\/strong><\/p>\n<p><strong>&#0160; <a class=\"asset-img-link\" href=\"http:\/\/yannicklejeune.blogs.com\/.a\/6a00d8341c501b53ef019aff8f672a970d-popup\" onclick=\"window.open( this.href, &#39;_blank&#39;, &#39;width=640,height=480,scrollbars=no,resizable=no,toolbar=no,directories=no,location=no,menubar=no,status=no,left=0,top=0&#39; ); return false\" style=\"display: inline;\"><img decoding=\"async\" alt=\"Logos4\" class=\"asset  asset-image at-xid-6a00d8341c501b53ef019aff8f672a970d\" src=\"https:\/\/www.wedobd.com\/wp-content\/uploads\/2013\/09\/6a00d8341c501b53ef019aff8f672a970d-580wi.jpg\" style=\"width: 560px;\" title=\"Logos4\" \/><\/a><br \/><\/strong><\/p>\n<p>Cette ann\u00e9e il y aura plusieurs tournois chaque jour, avec de somptueux lots \u00e0 gagner offerts par nos partenaires <strong><a href=\"http:\/\/www.animal-crossing.com\/newleaf\/\" target=\"_blank\">Animal Crossing<\/a><\/strong>,&#0160;<strong><a href=\"http:\/\/www.paperblanks.com\/fr\/fr\" target=\"_blank\">PaperBlanks<\/a><\/strong>,<strong>&#0160;<a href=\"http:\/\/www.comboutique.com\/\" target=\"_blank\">ComBoutique<\/a><\/strong>,<strong>&#0160;<a href=\"http:\/\/www.wacom.eu\" target=\"_blank\">Wacom<\/a><\/strong>,<strong>&#0160;<a href=\"http:\/\/www.gudesserts.fr\/\" target=\"_blank\">G\u00dc<\/a><\/strong>,&#0160;<strong><a href=\"http:\/\/www.rougier-ple-paris3.fr\/\" target=\"_blank\">Rougier &amp; Pl\u00e9<\/a>&#0160;<\/strong>et<strong>&#0160;<a href=\"http:\/\/www.makaka-editions.com\/\" target=\"_blank\">les \u00e9ditions Makaka<\/a><\/strong>&#0160;pour les meilleurs !<\/p>\n<p>Le dimanche \u00e0 14h, ce sera un G<span style=\"font-size: 1em;\">auntlet Match particulier puisque <strong><a href=\"http:\/\/www.paka-blog.com\/\" target=\"_blank\">Paka<\/a>&#0160;<\/strong>affrontera tous les participants. Les vainqueurs repartiront avec des cadeaux Ubisoft et des BD.&#0160;<\/span><\/p>\n<p>&#0160;<\/p>\n<p><a href=\"http:\/\/yannicklejeune.blogs.com\/.a\/6a00d8341c501b53ef017ee3a833f8970d-popup\"><img decoding=\"async\" alt=\"Festifightclub\" src=\"https:\/\/www.wedobd.com\/wp-content\/uploads\/2013\/09\/6a00d8341c501b53ef017ee3a833f8970d-450wi.jpg\" title=\"Festifightclub\" \/><\/a><\/p>\n<p>&#0160;<\/p>\n<p><strong>Et comme chaque ann\u00e9e il y aura<\/strong><strong>&#0160;\u00e0 boire gr\u00e2ce \u00e0 notre partenaire&#0160;<a href=\"http:\/\/www.oranginaschweppes.fr\" target=\"_blank\">Orangina Schweppes<\/a>&#8230;<\/strong><\/p>\n<p>&#0160;<\/p>\n<p><strong><a href=\"http:\/\/yannicklejeune.blogs.com\/.a\/6a00d8341c501b53ef017ee3a8384f970d-popup\"><img decoding=\"async\" alt=\"Orangina\" src=\"https:\/\/www.wedobd.com\/wp-content\/uploads\/2013\/09\/6a00d8341c501b53ef017ee3a8384f970d-450wi.jpg\" title=\"Orangina\" \/><\/a><\/strong><\/p>\n<p><strong>&#0160;<\/strong><\/p>\n<p>&#0160;<\/p>\n<p><strong>&#8230;et \u00e0 manger gr\u00e2ce \u00e0 notre partenaire&#0160;<a href=\"http:\/\/www.gudesserts.fr\/\" target=\"_blank\">G\u00dc<\/a>.<\/strong><\/p>\n<p>&#0160;<\/p>\n<p><a href=\"http:\/\/yannicklejeune.blogs.com\/.a\/6a00d8341c501b53ef017d3c328808970c-popup\"><img decoding=\"async\" alt=\"Gu\" src=\"https:\/\/www.wedobd.com\/wp-content\/uploads\/2013\/09\/6a00d8341c501b53ef017d3c328808970c-320wi.jpg\" title=\"Gu\" \/><\/a><\/p>\n<p>&#0160;<\/p>\n<p><strong><br \/><\/strong><em><strong>A tr\u00e8s vite \ud83d\ude42<\/strong><\/em><\/p>\n<div><em><strong>&#0160;<\/strong><\/em><\/div>\n<p>&#0160;<\/p>\n","protected":false},"excerpt":{"rendered":"<p>A l&#8217;approche du Festival, il est temps de vous donner la liste compl\u00e8te des invit\u00e9s, ainsi qu&#8217;un planning pr\u00e9visionnel des d\u00e9dicaces et des \u00e9v\u00e9nements afin que vous puissiez vous organiser.<\/p>\n","protected":false},"author":3,"featured_media":0,"comment_status":"open","ping_status":"closed","sticky":false,"template":"","format":"standard","meta":{"footnotes":""},"categories":[26],"tags":[59],"class_list":["post-77","post","type-post","status-publish","format-standard","hentry","category-02-le-festival-de-2005-a-2013","tag-a-6a00d8341c501b53ef01b7c7c9525c970b-pi"],"_links":{"self":[{"href":"https:\/\/www.wedobd.com\/index.php?rest_route=\/wp\/v2\/posts\/77","targetHints":{"allow":["GET"]}}],"collection":[{"href":"https:\/\/www.wedobd.com\/index.php?rest_route=\/wp\/v2\/posts"}],"about":[{"href":"https:\/\/www.wedobd.com\/index.php?rest_route=\/wp\/v2\/types\/post"}],"author":[{"embeddable":true,"href":"https:\/\/www.wedobd.com\/index.php?rest_route=\/wp\/v2\/users\/3"}],"replies":[{"embeddable":true,"href":"https:\/\/www.wedobd.com\/index.php?rest_route=%2Fwp%2Fv2%2Fcomments&post=77"}],"version-history":[{"count":1,"href":"https:\/\/www.wedobd.com\/index.php?rest_route=\/wp\/v2\/posts\/77\/revisions"}],"predecessor-version":[{"id":1718,"href":"https:\/\/www.wedobd.com\/index.php?rest_route=\/wp\/v2\/posts\/77\/revisions\/1718"}],"wp:attachment":[{"href":"https:\/\/www.wedobd.com\/index.php?rest_route=%2Fwp%2Fv2%2Fmedia&parent=77"}],"wp:term":[{"taxonomy":"category","embeddable":true,"href":"https:\/\/www.wedobd.com\/index.php?rest_route=%2Fwp%2Fv2%2Fcategories&post=77"},{"taxonomy":"post_tag","embeddable":true,"href":"https:\/\/www.wedobd.com\/index.php?rest_route=%2Fwp%2Fv2%2Ftags&post=77"}],"curies":[{"name":"wp","href":"https:\/\/api.w.org\/{rel}","templated":true}]}}