{"id":88,"date":"2013-09-16T17:00:00","date_gmt":"2013-09-16T15:00:00","guid":{"rendered":"https:\/\/www.wedobd.com\/?p=88"},"modified":"2025-09-29T14:17:39","modified_gmt":"2025-09-29T12:17:39","slug":"laffiche-festiblog-2013-bastien-vives-leslie-plee","status":"publish","type":"post","link":"https:\/\/www.wedobd.com\/?p=88","title":{"rendered":"L&#8217;affiche du Festiblog 2013 par Bastien Viv\u00e8s et Leslie Pl\u00e9e"},"content":{"rendered":"<p><strong>Et voil\u00e0 l&#39;affiche officielle du Festiblog 2013 r\u00e9alis\u00e9e par le parrain Bastien Viv\u00e8s et la marraine Leslie Pl\u00e9e !<\/strong><\/p>\n<p>&#0160;<\/p>\n<p><strong> <a class=\"asset-img-link\" href=\"http:\/\/yannicklejeune.blogs.com\/.a\/6a00d8341c501b53ef019aff68309a970c-popup\" onclick=\"window.open( this.href, &#39;_blank&#39;, &#39;width=640,height=480,scrollbars=no,resizable=no,toolbar=no,directories=no,location=no,menubar=no,status=no,left=0,top=0&#39; ); return false\" style=\"display: inline;\"><img decoding=\"async\" alt=\"Affichefinale-web-v3\" class=\"asset  asset-image at-xid-6a00d8341c501b53ef019aff68309a970c\" src=\"https:\/\/www.wedobd.com\/wp-content\/uploads\/2013\/09\/6a00d8341c501b53ef019aff68309a970c-580wi.jpg\" style=\"width: 560px;\" title=\"Affichefinale-web-v3\" \/><\/a><\/strong><\/p>\n<p>On remercie les artistes chaleureusement pour le travail fourni (plein de bisous \u00e0 vous deux) et on en profite pour vous en dire un peu plus sur ce que vous r\u00e9serve cette nouvelle \u00e9dition. Le programme complet et tous les horaires de d\u00e9dicaces ne sont pas encore disponibles, il reste quelques trucs \u00e0 finaliser et \u00e0 mettre au point, on vous tient au courant d\u00e8s que c&#39;est pr\u00eat \ud83d\ude42<\/p>\n<p>&#0160;<\/p>\n<p><strong>Voici les \u00e9v\u00e9nements phares du festiblog cette ann\u00e9e :<br \/>&#0160;<\/strong><\/p>\n<ul>\n<li>200 s\u00e9ances de d\u00e9dicaces sur le week-end !\n<p>&#0160;<\/li>\n<li>Une conf\u00e9rence dessin\u00e9e sur le r\u00e9tro-gaming avec <a href=\"http:\/\/chezmarcus.fr\/\" target=\"_blank\">Marcus de Game One<\/a>, <a href=\"http:\/\/www.ecrans.fr\/_Erwan-Cario_.html\" target=\"_blank\">Erwan Cario<\/a> de Lib\u00e9ration\/Ecrans.fr et des artistes passionn\u00e9s de jeux vid\u00e9o (le samedi 28 septembre).\n<p>&#0160;<\/li>\n<li>Des Master Classes, d\u00e9monstrations de cr\u00e9ation num\u00e9rique, anim\u00e9es par des artistes professionnels dont une session co-r\u00e9alis\u00e9e par <a href=\"http:\/\/www.festival-blogs-bd.com\/2013\/09\/boulet.html\" target=\"_blank\">Boulet<\/a> et <a href=\"http:\/\/www.festival-blogs-bd.com\/2013\/07\/zach-weiner.html\" target=\"_blank\">Zach Weiner<\/a>.\n<p>&#0160;<\/li>\n<li>Un duel de dessin entre les volontaires courageux du public et <a href=\"http:\/\/www.paka-blog.com\/\" target=\"_blank\">Paka<\/a>,&#0160;artiste chez Ubisoft, en pr\u00e9sence du dessinateur des albums BD <em>Les Lapins Cr\u00e9tins<\/em> <a href=\"http:\/\/www.festival-blogs-bd.com\/2013\/08\/romain-pujol.html\" target=\"_blank\">Romain Pujol<\/a>&#0160;(qui sera l\u00e0 pour se moquer de Paka quand il perd)&#0160;avec de nombreux lots \u00e0 gagner (dont des albums d\u00e9dicac\u00e9s !)\n<p>&#0160;<\/li>\n<li>Le traditionnel festifight club ouvert \u00e0 tous avec de nombreux prix \u00e0 gagner offerts par nos partenaires, dont une console 3DS offerte par Nintendo pour le meilleur challenger !\n<p>&#0160;<\/li>\n<li>Un stand de d\u00e9dicaces d\u00e9di\u00e9 aux nouvelles revues num\u00e9riques&#0160;avec les auteurs de <a href=\"http:\/\/www.larevuedessinee.fr\/\" target=\"_blank\">La Revue Dessin\u00e9e<\/a>,&#0160;<a href=\"http:\/\/www.professeurcyclope.fr\/\" target=\"_blank\">Professeur Cyclope<\/a> et <a href=\"http:\/\/www.mauvaisesprit.com\/\" target=\"_blank\">Mauvais Esprit.\n<p><\/a><\/li>\n<li>Des stands de d\u00e9dicaces \u00e0 th\u00e8me \u00ab&#0160;Animal Crossing&#0160;\u00bb, \u00ab&#0160;Les Autres Gens&#0160;\u00bb, \u00ab&#0160;Papier&#0160;\u00bb.\n<p>&#0160;<\/li>\n<li>Une dizaine de communaut\u00e9s d\u2019auteurs du web en d\u00e9dicaces&#0160;parmi lesquels&#0160;: <a href=\"http:\/\/30joursdebd.com\/\" target=\"_blank\">30joursdeBD<\/a>, <a href=\"http:\/\/www.lapin.org\/\" target=\"_blank\">Lapin<\/a>, <a href=\"http:\/\/rien-a-voir.over-blog.fr\/\" target=\"_blank\">Rien A Voir<\/a>, <a href=\"http:\/\/kazoum.com\/\" target=\"_blank\">Kazoum<\/a>, <a href=\"http:\/\/www.amilova.com\/\" target=\"_blank\">Amilova<\/a>, <a href=\"http:\/\/www.webcomics.fr\/\" target=\"_blank\">Webcomics.fr<\/a>, <a href=\"http:\/\/www.projet17mai.com\/\" target=\"_blank\">Le projet 17 mai<\/a>, <a href=\"http:\/\/www.warum.fr\/\" target=\"_blank\">Warum<\/a>, <a href=\"https:\/\/www.facebook.com\/3L1Cgalerie\" target=\"_blank\">3L1C<\/a>, <a href=\"http:\/\/stripscience.cafe-sciences.org\/\" target=\"_blank\">Strip Science<\/a>, <a href=\"http:\/\/fanzineanachronique.blogspot.fr\/\" target=\"_blank\">Anachronique<\/a>, <a href=\"http:\/\/www.delitoon.com\/\" target=\"_blank\">Delitoon<\/a>&#8230;&#0160;<\/li>\n<\/ul>\n<p>&#0160;<\/p>\n<p style=\"text-align: center;\"><a class=\"asset-img-link\" href=\"http:\/\/yannicklejeune.blogs.com\/.a\/6a00d8341c501b53ef019aff685fb3970c-popup\" onclick=\"window.open( this.href, &#39;_blank&#39;, &#39;width=640,height=480,scrollbars=no,resizable=no,toolbar=no,directories=no,location=no,menubar=no,status=no,left=0,top=0&#39; ); return false\" style=\"display: inline;\"><img decoding=\"async\" alt=\"DSC_0340\" class=\"asset  asset-image at-xid-6a00d8341c501b53ef019aff685fb3970c\" src=\"https:\/\/www.wedobd.com\/wp-content\/uploads\/2013\/09\/6a00d8341c501b53ef019aff685fb3970c-580wi.jpg\" style=\"width: 560px;\" title=\"DSC_0340\" \/><\/a><\/p>\n<p>&#0160;<\/p>\n<p><strong>Parmi les 150 auteurs de talent qui d\u00e9dicaceront le festiblog accueillera entre autre :&#0160;<\/strong>Zach Weiner, P\u00e9n\u00e9lope Bagieu (qui vient de sortir <em>Stars of the Stars<\/em> avec Joann Sfar au sc\u00e9nario), Boulet (dont le tome 9 de sa s\u00e9rie <em>Notes<\/em>&#0160;sera en vente en avant-premi\u00e8re au Festiblog), Davy Mourier qui vient de sortir <em>La Petite Mort<\/em>, premi\u00e8re BD transmedia comprenant un album en r\u00e9alit\u00e9 augment\u00e9e et un jeu vid\u00e9o sur mobile, &#0160;Navo auteur de <em>la Bande Pas Dessin\u00e9e<\/em> et cr\u00e9ateur\/sc\u00e9nariste\/r\u00e9alisateur de <em>Bref,&#0160;<\/em>David Gilson, Maliki, Obion, Martin Vidberg, Yatuu, Marion Montaigne, Charlie Poppins, Gally, Philippe Valette, Kek, Melaka&#8230; nous continuons de pr\u00e9senter les invit\u00e9s au travers des interviews chaque jour (rubrique &quot;ils vont d\u00e9dicacer en 2013&quot; dans la colonne de droite).<\/p>\n<p>&#0160;<\/p>\n<p style=\"text-align: center;\"><a class=\"asset-img-link\" href=\"http:\/\/yannicklejeune.blogs.com\/.a\/6a00d8341c501b53ef019aff6d276e970b-popup\" onclick=\"window.open( this.href, &#39;_blank&#39;, &#39;width=640,height=480,scrollbars=no,resizable=no,toolbar=no,directories=no,location=no,menubar=no,status=no,left=0,top=0&#39; ); return false\" style=\"display: inline;\"><img decoding=\"async\" alt=\"133792_10151100102518857_1607641224_o\" class=\"asset  asset-image at-xid-6a00d8341c501b53ef019aff6d276e970b\" src=\"https:\/\/www.wedobd.com\/wp-content\/uploads\/2013\/09\/6a00d8341c501b53ef019aff6d276e970b-580wi.jpg\" style=\"width: 560px;\" title=\"133792_10151100102518857_1607641224_o\" \/><\/a><\/p>\n<p>&#0160;<\/p>\n<p>En attendant le programme complet avec tous les horaires, vous pouvez d\u00e9j\u00e0 trouver ceux de vos blogueurs pr\u00e9f\u00e9r\u00e9s sur leurs sites respectifs et pour \u00eatre s\u00fbr de ne rien rater vous pouvez nous suivre sur <a href=\"https:\/\/www.facebook.com\/festiblog\" target=\"_blank\">Facebook<\/a> et sur <a href=\"https:\/\/twitter.com\/festiblog\" target=\"_blank\">Twitter<\/a>, on a encore plein de choses \u00e0 vous dire \ud83d\ude09<\/p>\n","protected":false},"excerpt":{"rendered":"<p>L&#8217;affiche officielle du Festiblog 2013 r\u00e9alis\u00e9e par le parrain Bastien Viv\u00e8s et la marraine Leslie Pl\u00e9e ainsi qu&#8217;un aper\u00e7u du programme.<\/p>\n","protected":false},"author":3,"featured_media":0,"comment_status":"open","ping_status":"closed","sticky":false,"template":"","format":"standard","meta":{"footnotes":""},"categories":[26],"tags":[70],"class_list":["post-88","post","type-post","status-publish","format-standard","hentry","category-02-le-festival-de-2005-a-2013","tag-a-6a00d8341c501b53ef01b7c7c95289970b-pi"],"_links":{"self":[{"href":"https:\/\/www.wedobd.com\/index.php?rest_route=\/wp\/v2\/posts\/88","targetHints":{"allow":["GET"]}}],"collection":[{"href":"https:\/\/www.wedobd.com\/index.php?rest_route=\/wp\/v2\/posts"}],"about":[{"href":"https:\/\/www.wedobd.com\/index.php?rest_route=\/wp\/v2\/types\/post"}],"author":[{"embeddable":true,"href":"https:\/\/www.wedobd.com\/index.php?rest_route=\/wp\/v2\/users\/3"}],"replies":[{"embeddable":true,"href":"https:\/\/www.wedobd.com\/index.php?rest_route=%2Fwp%2Fv2%2Fcomments&post=88"}],"version-history":[{"count":1,"href":"https:\/\/www.wedobd.com\/index.php?rest_route=\/wp\/v2\/posts\/88\/revisions"}],"predecessor-version":[{"id":1772,"href":"https:\/\/www.wedobd.com\/index.php?rest_route=\/wp\/v2\/posts\/88\/revisions\/1772"}],"wp:attachment":[{"href":"https:\/\/www.wedobd.com\/index.php?rest_route=%2Fwp%2Fv2%2Fmedia&parent=88"}],"wp:term":[{"taxonomy":"category","embeddable":true,"href":"https:\/\/www.wedobd.com\/index.php?rest_route=%2Fwp%2Fv2%2Fcategories&post=88"},{"taxonomy":"post_tag","embeddable":true,"href":"https:\/\/www.wedobd.com\/index.php?rest_route=%2Fwp%2Fv2%2Ftags&post=88"}],"curies":[{"name":"wp","href":"https:\/\/api.w.org\/{rel}","templated":true}]}}