{"id":94,"date":"2013-09-13T08:15:00","date_gmt":"2013-09-13T06:15:00","guid":{"rendered":"https:\/\/www.wedobd.com\/?p=94"},"modified":"2013-09-13T08:15:00","modified_gmt":"2013-09-13T06:15:00","slug":"lulu-in-the-sky","status":"publish","type":"post","link":"https:\/\/www.wedobd.com\/?p=94","title":{"rendered":"Invit\u00e9e #67 : Lulu in the sky"},"content":{"rendered":"<p><strong>Elle revient en d\u00e9cidant de vous faire jouer aussi, avant le festival. <a href=\"http:\/\/luluinthesky.fr\/\" target=\"_blank\" title=\"Lulu in the sky with diamonds\">Lulu in the sky<\/a> needs you ! Ou au moins votre avis.<\/strong><\/p>\n<p><strong><br \/><\/strong><\/p>\n<p><iframe loading=\"lazy\" height=\"770\" src=\"http:\/\/luluinthesky.fr\/spfiles\/luluplayer\/luluintheflash.swf\" style=\"border: hidden;\" width=\"500\"><\/iframe><\/p>\n<p><strong>Quoi de neuf dans ta carri\u00e8re et tes projets depuis ta derni\u00e8re participation ?<\/strong><\/p>\n<p>Oh la premi\u00e8re et GRANDE nouvelle! Le TOME 1 DE LULU EST SORTI !! &quot;<a href=\"http:\/\/luluinthesky.fr\/2012\/12\/22\/la-bd-de-lulu\/\" target=\"_blank\">Lulu, il \u00e9tait une fois une Princesse\u2026<\/a>&quot; est \u00e9dit\u00e9 chez Jungle et raconte le d\u00e9but de l&#39;aventure in\u00e9dite entre Lulu et Albert\u2026 sans oublier les magnifiques chaussures paillet\u00e9es de la couv&#39; !! J&#39;en suis tr\u00e8s fi\u00e8re et j&#39;esp\u00e8re qu&#39;il vous plaira\u2026 Je me ferais un plaisir de vous le d\u00e9dicacer! Certains ont d\u00fb voir quelques images du projet &quot;<a href=\"http:\/\/12leconte.com\/\" target=\"_blank\">12<\/a>&quot; en Work in progress depuis trois ans. Projet en collaboration avec le photographe <a href=\"http:\/\/www.isshophoto.com\" target=\"_blank\">Isshogai<\/a>, et dont la premi\u00e8re Princesse &quot;<a href=\"http:\/\/www.youtube.com\/watch?feature=player_embedded&amp;v=XuAzTZbh888\" target=\"_blank\">Raiponce<\/a>&quot; a \u00e9t\u00e9 d\u00e9voil\u00e9e au Palais de Tokyo en juin dernier. C&#39;est une s\u00e9rie de 12 princesses d\u00e9senchant\u00e9es et travaill\u00e9es en photographie et dessin\u2026 Et \u00e0 venir une exposition\u2026 \u00e0 suivre <a href=\"https:\/\/www.facebook.com\/12leconte?ref=ts&amp;fref=ts\" target=\"_blank\">par ici<\/a>! \u00c0 l&#39;occasion de la F\u00eate de l&#39;Huma, j&#39;ai la chance d&#39;\u00eatre \u00e9dit\u00e9e par le PCF-Front de Gauche (merci Laurent K!!) pour une s\u00e9rie de cartes postales sur les &quot;retraites&quot; aux c\u00f4t\u00e9s de Wolinski, Charb et bien d&#39;autres illustrateurs de presse\u2026 et mazette, la grande classe! Sinon un tr\u00e8s beau projet en illustration, lanc\u00e9 le 3 octobre \u00e0 <a href=\"http:\/\/www.arludik.com\/\" target=\"_blank\">la Galerie Arludik<\/a>&#0160;avec une exposition collective sur le th\u00e8me des &quot;Contes et l\u00e9gendes&quot;, exposition immortalis\u00e9e dans un tr\u00e8s beau livre nomm\u00e9 &quot;Merveilleux&quot; chez <a href=\"http:\/\/www.cfsl.net\/\" target=\"_blank\">Caf\u00e9 Sal\u00e9<\/a>, et dont les b\u00e9n\u00e9fices de vente reviendront \u00e0 l&#39;association &quot;\u0152uvre des pupilles orphelins et fonds d\u2019entraide des Sapeurs-Pompiers de France&quot;. Une tr\u00e8s belle initiative \u00e0 laquelle je suis tr\u00e8s heureuse de participer! (merci Diane!) d&#39;autres projets : <a href=\"http:\/\/kazoum.com\/\" target=\"_blank\">Kazoum 3<\/a>, <a href=\"http:\/\/luluinthesky.fr\/lulu-inthesky-by-mademoiselle-plume\/\" target=\"_blank\">les bijoux de Lulu by Mademoiselle Plume<\/a>, <a href=\"http:\/\/www.vinetculture.fr\/?page_id=622\" target=\"_blank\">Le vin d&#39;artiste #5 avec Culture &amp; Vin<\/a>&#8230; Et puis mes six derniers mois d&#39;\u00e9troite collaboration avec <a href=\"http:\/\/pascalcolrat.fr\/\" target=\"_blank\">Pascal Colrat<\/a>, photographe et affichiste, un artiste brillant et sensible pour qui j&#39;aurai une \u00e9ternelle reconnaissance. Merci ? Bref, des projets, du travail et de l&#39;Amour\u2026 tout ce que j&#39;aime! ? <\/p>\n<p><\/p>\n<p><strong>Cette ann\u00e9e, le th\u00e8me du Festiblog, c&#39;est &#39;Les jeux vid\u00e9o&#39;, alors dis-nous, quel est ton jeu vid\u00e9o pr\u00e9f\u00e9r\u00e9 de tout temps ? Et auxquels joues-tu actuellement ?<\/strong><\/p>\n<p>AH! Je ne joue plus au jeux vid\u00e9o sinon j&#39;en redeviendrai tr\u00e8s vite addicte!! J&#39;ai pass\u00e9 des heures dans les bras de mon premier amour Squall Leonheart de Final Fantasy VIII, br\u00fbl\u00e9 des calories sur les arcades de Dance Dance R\u00e9volution, et me suis pay\u00e9 un fantasmatique concert avec mon Robert Plant \u00e0 Guitar hero! Depuis j&#39;ai arr\u00eat\u00e9, et je ne joue plus qu&#39;\u00e0 photoshop\u2026 <\/p>\n<p><\/p>\n<p><strong>Un mot pour ceux qui vont venir te voir ?<\/strong><\/p>\n<p>PAILL\u00c8\u00c8\u00c8\u00c8\u00c8\u00c8\u00c8\u00c8\u00c8\u00c8TTES POWA ! ! ! <\/p>\n<p><\/p>\n<p><strong>Quelque chose \u00e0 ajouter ?<\/strong><\/p>\n<p>Un IMMENSE MERCI au talentueux <a href=\"http:\/\/blog.goliverbd.com\/\" target=\"_blank\">Goliver<\/a>, mon petit g\u00e9nie suisse, qui a r\u00e9alis\u00e9 ce merveilleux jeu flash en subissant mes exigences de chienne jusqu&#39;\u00e0 3h du matin et les tentatives de d\u00e9tournement d&#39;attention de <a href=\"http:\/\/10placeducolonelbourgoin.blogspot.fr\/\" target=\"_blank\">Sess<\/a>&#0160;et <a href=\"http:\/\/dailyrarium.over-blog.com\/\" target=\"_blank\">Pujol<\/a>&#0160;! Gr\u00e2ce \u00e0 lui, vous allez pouvoir &quot;select your Lulu for the festiblog 2013&quot;\u2026 \u2026 et vous avez int\u00e9r\u00eat \u00e0 bien choisir, sinon&#8230; HEADSHOT! <\/p>\n<p><\/p>\n","protected":false},"excerpt":{"rendered":"<p>Elle revient en d\u00e9cidant de vous faire jouer aussi, avant le festival. Lulu in the sky needs you ! Ou au moins votre avis. Quoi de neuf dans ta carri\u00e8re et tes projets depuis ta derni\u00e8re participation ? Oh la premi\u00e8re et GRANDE nouvelle! Le TOME 1 DE LULU EST SORTI !! &quot;Lulu, il \u00e9tait [&hellip;]<\/p>\n","protected":false},"author":6,"featured_media":0,"comment_status":"open","ping_status":"open","sticky":false,"template":"","format":"standard","meta":{"footnotes":""},"categories":[47],"tags":[77],"class_list":["post-94","post","type-post","status-publish","format-standard","hentry","category-03-interviews-de-blogueurs-bd","tag-lulu-in-the-sky"],"_links":{"self":[{"href":"https:\/\/www.wedobd.com\/index.php?rest_route=\/wp\/v2\/posts\/94","targetHints":{"allow":["GET"]}}],"collection":[{"href":"https:\/\/www.wedobd.com\/index.php?rest_route=\/wp\/v2\/posts"}],"about":[{"href":"https:\/\/www.wedobd.com\/index.php?rest_route=\/wp\/v2\/types\/post"}],"author":[{"embeddable":true,"href":"https:\/\/www.wedobd.com\/index.php?rest_route=\/wp\/v2\/users\/6"}],"replies":[{"embeddable":true,"href":"https:\/\/www.wedobd.com\/index.php?rest_route=%2Fwp%2Fv2%2Fcomments&post=94"}],"version-history":[{"count":0,"href":"https:\/\/www.wedobd.com\/index.php?rest_route=\/wp\/v2\/posts\/94\/revisions"}],"wp:attachment":[{"href":"https:\/\/www.wedobd.com\/index.php?rest_route=%2Fwp%2Fv2%2Fmedia&parent=94"}],"wp:term":[{"taxonomy":"category","embeddable":true,"href":"https:\/\/www.wedobd.com\/index.php?rest_route=%2Fwp%2Fv2%2Fcategories&post=94"},{"taxonomy":"post_tag","embeddable":true,"href":"https:\/\/www.wedobd.com\/index.php?rest_route=%2Fwp%2Fv2%2Ftags&post=94"}],"curies":[{"name":"wp","href":"https:\/\/api.w.org\/{rel}","templated":true}]}}